{"id":7814,"date":"2026-09-02T12:17:07","date_gmt":"2026-09-02T12:17:07","guid":{"rendered":"https:\/\/romanistyka.wn.uw.edu.pl\/?p=7814"},"modified":"2026-09-02T12:17:07","modified_gmt":"2026-09-02T12:17:07","slug":"dyzury-kierownik-studiow-dr-karoliny-wawrzonek-we-wrzesniu","status":"publish","type":"post","link":"https:\/\/romanistyka.wn.uw.edu.pl\/index.php\/2026\/09\/02\/dyzury-kierownik-studiow-dr-karoliny-wawrzonek-we-wrzesniu\/","title":{"rendered":"Dy\u017cury kierownik studi\u00f3w\u00a0dr Karoliny Wawrzonek we wrze\u015bniu"},"content":{"rendered":"\n<p class=\"wp-block-paragraph\"><strong>Szanowni Pa\u0144stwo,<\/strong><\/p>\n\n\n\n<p class=\"wp-block-paragraph\">uprzejmie informuj\u0119, \u017ce dy\u017cury kierownik studi\u00f3w, dr Karoliny Wawrzonek, w miesi\u0105cu wrze\u015bniu odb\u0119d\u0105 si\u0119 w nast\u0119puj\u0105cych terminach:<\/p>\n\n\n\n<ul class=\"wp-block-list\">\n<li><strong>pi\u0105tek, 4.09<\/strong>\u00a0\u2013 godz. 12:00\u201314:00<\/li>\n\n\n\n<li><strong>\u015broda, 9.09<\/strong>\u00a0\u2013 godz. 10:00\u201312:00<\/li>\n\n\n\n<li><strong>czwartek, 10.09<\/strong>\u00a0\u2013 godz. 11:00\u201313:00<\/li>\n\n\n\n<li><strong>wtorek, 22.09<\/strong>\u00a0\u2013 godz. 10:00\u201312:00<\/li>\n\n\n\n<li><strong>czwartek, 24.09<\/strong>\u00a0\u2013 godz. 10:00\u201312:00<\/li>\n\n\n\n<li><strong>\u015broda, 30.09<\/strong>\u00a0\u2013 godz. 10:00\u201312:00<\/li>\n<\/ul>\n\n\n\n<p class=\"wp-block-paragraph\">Wszystkie dy\u017cury odbywaj\u0105 si\u0119 w&nbsp;<strong>sali 2.415<\/strong>. Istnieje r\u00f3wnie\u017c mo\u017cliwo\u015b\u0107 spotkania online \u2013 po wcze\u015bniejszym um\u00f3wieniu si\u0119 drog\u0105 mailow\u0105.<\/p>\n\n\n\n<p class=\"wp-block-paragraph\"><strong>Serdecznie zapraszam do kontaktu i na dy\u017cury!<\/strong><\/p>\n\n\n\n<p class=\"wp-block-paragraph\"><\/p>\n","protected":false},"excerpt":{"rendered":"<p>Szanowni Pa\u0144stwo, uprzejmie informuj\u0119, \u017ce dy\u017cury kierownik studi\u00f3w, dr Karoliny Wawrzonek, w miesi\u0105cu wrze\u015bniu odb\u0119d\u0105 si\u0119 w nast\u0119puj\u0105cych terminach: Wszystkie dy\u017cury odbywaj\u0105 si\u0119 w&nbsp;sali 2.415. Istnieje r\u00f3wnie\u017c mo\u017cliwo\u015b\u0107 spotkania online \u2013 po wcze\u015bniejszym um\u00f3wieniu si\u0119 drog\u0105 mailow\u0105. Serdecznie zapraszam do kontaktu i na dy\u017cury!<\/p>\n","protected":false},"author":13,"featured_media":0,"comment_status":"closed","ping_status":"open","sticky":false,"template":"","format":"standard","meta":{"footnotes":""},"categories":[8,6,7,37],"tags":[],"class_list":["post-7814","post","type-post","status-publish","format-standard","hentry","category-aktualnosci","category-ogloszenia-dla-pracownikow","category-ogloszenia-dla-studentow","category-ogloszenia-dla-studentow-fr"],"_links":{"self":[{"href":"https:\/\/romanistyka.wn.uw.edu.pl\/index.php\/wp-json\/wp\/v2\/posts\/7814","targetHints":{"allow":["GET"]}}],"collection":[{"href":"https:\/\/romanistyka.wn.uw.edu.pl\/index.php\/wp-json\/wp\/v2\/posts"}],"about":[{"href":"https:\/\/romanistyka.wn.uw.edu.pl\/index.php\/wp-json\/wp\/v2\/types\/post"}],"author":[{"embeddable":true,"href":"https:\/\/romanistyka.wn.uw.edu.pl\/index.php\/wp-json\/wp\/v2\/users\/13"}],"replies":[{"embeddable":true,"href":"https:\/\/romanistyka.wn.uw.edu.pl\/index.php\/wp-json\/wp\/v2\/comments?post=7814"}],"version-history":[{"count":1,"href":"https:\/\/romanistyka.wn.uw.edu.pl\/index.php\/wp-json\/wp\/v2\/posts\/7814\/revisions"}],"predecessor-version":[{"id":7815,"href":"https:\/\/romanistyka.wn.uw.edu.pl\/index.php\/wp-json\/wp\/v2\/posts\/7814\/revisions\/7815"}],"wp:attachment":[{"href":"https:\/\/romanistyka.wn.uw.edu.pl\/index.php\/wp-json\/wp\/v2\/media?parent=7814"}],"wp:term":[{"taxonomy":"category","embeddable":true,"href":"https:\/\/romanistyka.wn.uw.edu.pl\/index.php\/wp-json\/wp\/v2\/categories?post=7814"},{"taxonomy":"post_tag","embeddable":true,"href":"https:\/\/romanistyka.wn.uw.edu.pl\/index.php\/wp-json\/wp\/v2\/tags?post=7814"}],"curies":[{"name":"wp","href":"https:\/\/api.w.org\/{rel}","templated":true}]}}