{"id":7785,"date":"2026-08-03T10:44:56","date_gmt":"2026-08-03T10:44:56","guid":{"rendered":"https:\/\/romanistyka.wn.uw.edu.pl\/?p=7785"},"modified":"2026-08-03T10:44:56","modified_gmt":"2026-08-03T10:44:56","slug":"erasmus-nowe-zasady-wyjazdow-stt-i-sta-dla-nauczycieli-akademickich","status":"publish","type":"post","link":"https:\/\/romanistyka.wn.uw.edu.pl\/index.php\/2026\/08\/03\/erasmus-nowe-zasady-wyjazdow-stt-i-sta-dla-nauczycieli-akademickich\/","title":{"rendered":"ERASMUS+ &#8211; Nowe zasady wyjazd\u00f3w STT i STA dla nauczycieli akademickich"},"content":{"rendered":"\n<p class=\"wp-block-paragraph\">Szanowni Pa\u0144stwo,<\/p>\n\n\n\n<p class=\"wp-block-paragraph\">Biuro Wsp\u00f3\u0142pracy z Zagranic\u0105&nbsp;&nbsp;og\u0142osi\u0142o&nbsp;<strong>nowe&nbsp;<\/strong><strong>zasady mobilno\u015bci&nbsp;<\/strong><strong>dydaktycznych nauczycieli akademickich STA (KA131)<\/strong><strong>&nbsp;i szkole\u0144 &#8211; STT (KA131):<\/strong><\/p>\n\n\n\n<p class=\"wp-block-paragraph\"><a href=\"https:\/\/bwz.uw.edu.pl\/strona-glowna\/wyjazdy\/pracownicy-wyjazdy\/program-erasmus-pracownicy\">https:\/\/bwz.uw.edu.pl\/strona-glowna\/wyjazdy\/pracownicy-wyjazdy\/program-erasmus-pracownicy<\/a><\/p>\n\n\n\n<p class=\"wp-block-paragraph\">BWZ prosi o zapoznanie si\u0119 z aktualnymi zasadami oraz korzystanie z<strong>&nbsp;nowych formularzy<\/strong>. Cz\u0119\u015b\u0107 dokument\u00f3w zosta\u0142a zmieniona, dlatego wcze\u015bniejsze wersje formularzy nie b\u0119d\u0105 przyjmowane.<\/p>\n\n\n\n<p class=\"wp-block-paragraph\">Ka\u017cdy nauczyciel akademicki mo\u017ce zrealizowa\u0107 jedn\u0105 mobilno\u015b\u0107 dydaktyczn\u0105 typu STA (KA131), pod warunkiem \u017ce nie b\u0119dzie mia\u0142 przyznanego stypendium na mobilno\u015b\u0107 STA z projektu KA171, realizowan\u0105 w okresie od 1 wrze\u015bnia 2026 r. do 31 lipca 2027 r.<\/p>\n\n\n\n<p class=\"wp-block-paragraph\">Wyj\u0105tek stanowi\u0105 nauczyciele akademiccy oddelegowani do organizacji Mieszanego Programu Intensywnego (BIP), w kt\u00f3rym Uniwersytet Warszawski uczestniczy jako partner. Osoby te mog\u0105 zrealizowa\u0107:<\/p>\n\n\n\n<ul class=\"wp-block-list\">\n<li>dwie mobilno\u015bci typu STA<\/li>\n\n\n\n<li>lub jedn\u0105 mobilno\u015b\u0107 typu STA i jedn\u0105 mobilno\u015b\u0107 typu STT.<\/li>\n<\/ul>\n\n\n\n<p class=\"wp-block-paragraph\">Powy\u017csze zasady dotycz\u0105 mobilno\u015bci realizowanych w okresie od 1 wrze\u015bnia 2026 r. do 31 lipca 2027 r.<\/p>\n\n\n\n<p class=\"wp-block-paragraph\">\u0141\u0105cz\u0119 serdeczne pozdrowienia<\/p>\n\n\n\n<p class=\"wp-block-paragraph\">Anna Ciostek<\/p>\n","protected":false},"excerpt":{"rendered":"<p>Szanowni Pa\u0144stwo, Biuro Wsp\u00f3\u0142pracy z Zagranic\u0105&nbsp;&nbsp;og\u0142osi\u0142o&nbsp;nowe&nbsp;zasady mobilno\u015bci&nbsp;dydaktycznych nauczycieli akademickich STA (KA131)&nbsp;i szkole\u0144 &#8211; STT (KA131): https:\/\/bwz.uw.edu.pl\/strona-glowna\/wyjazdy\/pracownicy-wyjazdy\/program-erasmus-pracownicy BWZ prosi o zapoznanie si\u0119 z aktualnymi zasadami oraz korzystanie z&nbsp;nowych formularzy. Cz\u0119\u015b\u0107 dokument\u00f3w zosta\u0142a zmieniona, dlatego wcze\u015bniejsze wersje formularzy nie b\u0119d\u0105 przyjmowane. Ka\u017cdy nauczyciel akademicki mo\u017ce zrealizowa\u0107 jedn\u0105 mobilno\u015b\u0107 dydaktyczn\u0105 typu STA (KA131), pod warunkiem \u017ce nie b\u0119dzie [&hellip;]<\/p>\n","protected":false},"author":14,"featured_media":0,"comment_status":"closed","ping_status":"open","sticky":false,"template":"","format":"standard","meta":{"footnotes":""},"categories":[6],"tags":[],"class_list":["post-7785","post","type-post","status-publish","format-standard","hentry","category-ogloszenia-dla-pracownikow"],"_links":{"self":[{"href":"https:\/\/romanistyka.wn.uw.edu.pl\/index.php\/wp-json\/wp\/v2\/posts\/7785","targetHints":{"allow":["GET"]}}],"collection":[{"href":"https:\/\/romanistyka.wn.uw.edu.pl\/index.php\/wp-json\/wp\/v2\/posts"}],"about":[{"href":"https:\/\/romanistyka.wn.uw.edu.pl\/index.php\/wp-json\/wp\/v2\/types\/post"}],"author":[{"embeddable":true,"href":"https:\/\/romanistyka.wn.uw.edu.pl\/index.php\/wp-json\/wp\/v2\/users\/14"}],"replies":[{"embeddable":true,"href":"https:\/\/romanistyka.wn.uw.edu.pl\/index.php\/wp-json\/wp\/v2\/comments?post=7785"}],"version-history":[{"count":1,"href":"https:\/\/romanistyka.wn.uw.edu.pl\/index.php\/wp-json\/wp\/v2\/posts\/7785\/revisions"}],"predecessor-version":[{"id":7786,"href":"https:\/\/romanistyka.wn.uw.edu.pl\/index.php\/wp-json\/wp\/v2\/posts\/7785\/revisions\/7786"}],"wp:attachment":[{"href":"https:\/\/romanistyka.wn.uw.edu.pl\/index.php\/wp-json\/wp\/v2\/media?parent=7785"}],"wp:term":[{"taxonomy":"category","embeddable":true,"href":"https:\/\/romanistyka.wn.uw.edu.pl\/index.php\/wp-json\/wp\/v2\/categories?post=7785"},{"taxonomy":"post_tag","embeddable":true,"href":"https:\/\/romanistyka.wn.uw.edu.pl\/index.php\/wp-json\/wp\/v2\/tags?post=7785"}],"curies":[{"name":"wp","href":"https:\/\/api.w.org\/{rel}","templated":true}]}}