{"id":7680,"date":"2026-05-28T09:08:11","date_gmt":"2026-05-28T09:08:11","guid":{"rendered":"https:\/\/romanistyka.wn.uw.edu.pl\/?p=7680"},"modified":"2026-05-28T09:09:04","modified_gmt":"2026-05-28T09:09:04","slug":"edit-informacja-o-zmianie-godzin-dyzuru-nieaktualna","status":"publish","type":"post","link":"https:\/\/romanistyka.wn.uw.edu.pl\/index.php\/2026\/05\/28\/edit-informacja-o-zmianie-godzin-dyzuru-nieaktualna\/","title":{"rendered":"Edit: informacja o zmianie godzin dy\u017curu &#8211; NIEAKTUALNA"},"content":{"rendered":"\n<p class=\"wp-block-paragraph\">Szanowni Pa\u0144stwo,<\/p>\n\n\n\n<p class=\"wp-block-paragraph\">informacj\u0119 o zmianie godzin dy\u017curu u p. mgr. Lucasa Skurczy\u0144skiego nieaktualna, dy\u017cur odb\u0119dzie si\u0119 wed\u0142ug  wcze\u015bniej ustalonego harmonogramu.<\/p>\n\n\n\n<p class=\"wp-block-paragraph\">Z wyrazami szacunku,<\/p>\n\n\n\n<p class=\"wp-block-paragraph\">Sekretariat IR<\/p>\n","protected":false},"excerpt":{"rendered":"<p>Szanowni Pa\u0144stwo, informacj\u0119 o zmianie godzin dy\u017curu u p. mgr. Lucasa Skurczy\u0144skiego nieaktualna, dy\u017cur odb\u0119dzie si\u0119 wed\u0142ug wcze\u015bniej ustalonego harmonogramu. Z wyrazami szacunku, Sekretariat IR<\/p>\n","protected":false},"author":13,"featured_media":0,"comment_status":"closed","ping_status":"open","sticky":false,"template":"","format":"standard","meta":{"footnotes":""},"categories":[8,7,37],"tags":[],"class_list":["post-7680","post","type-post","status-publish","format-standard","hentry","category-aktualnosci","category-ogloszenia-dla-studentow","category-ogloszenia-dla-studentow-fr"],"_links":{"self":[{"href":"https:\/\/romanistyka.wn.uw.edu.pl\/index.php\/wp-json\/wp\/v2\/posts\/7680","targetHints":{"allow":["GET"]}}],"collection":[{"href":"https:\/\/romanistyka.wn.uw.edu.pl\/index.php\/wp-json\/wp\/v2\/posts"}],"about":[{"href":"https:\/\/romanistyka.wn.uw.edu.pl\/index.php\/wp-json\/wp\/v2\/types\/post"}],"author":[{"embeddable":true,"href":"https:\/\/romanistyka.wn.uw.edu.pl\/index.php\/wp-json\/wp\/v2\/users\/13"}],"replies":[{"embeddable":true,"href":"https:\/\/romanistyka.wn.uw.edu.pl\/index.php\/wp-json\/wp\/v2\/comments?post=7680"}],"version-history":[{"count":2,"href":"https:\/\/romanistyka.wn.uw.edu.pl\/index.php\/wp-json\/wp\/v2\/posts\/7680\/revisions"}],"predecessor-version":[{"id":7682,"href":"https:\/\/romanistyka.wn.uw.edu.pl\/index.php\/wp-json\/wp\/v2\/posts\/7680\/revisions\/7682"}],"wp:attachment":[{"href":"https:\/\/romanistyka.wn.uw.edu.pl\/index.php\/wp-json\/wp\/v2\/media?parent=7680"}],"wp:term":[{"taxonomy":"category","embeddable":true,"href":"https:\/\/romanistyka.wn.uw.edu.pl\/index.php\/wp-json\/wp\/v2\/categories?post=7680"},{"taxonomy":"post_tag","embeddable":true,"href":"https:\/\/romanistyka.wn.uw.edu.pl\/index.php\/wp-json\/wp\/v2\/tags?post=7680"}],"curies":[{"name":"wp","href":"https:\/\/api.w.org\/{rel}","templated":true}]}}