{"id":7678,"date":"2026-05-28T08:27:09","date_gmt":"2026-05-28T08:27:09","guid":{"rendered":"https:\/\/romanistyka.wn.uw.edu.pl\/?p=7678"},"modified":"2026-05-28T08:27:09","modified_gmt":"2026-05-28T08:27:09","slug":"zmiana-godziny-dyzuru-p-mgr-lucasa-skurczynskiego","status":"publish","type":"post","link":"https:\/\/romanistyka.wn.uw.edu.pl\/index.php\/2026\/05\/28\/zmiana-godziny-dyzuru-p-mgr-lucasa-skurczynskiego\/","title":{"rendered":"Zmiana godziny dy\u017curu P. mgr Lucasa Skurczy\u0144skiego."},"content":{"rendered":"\n<p class=\"wp-block-paragraph\">Szanowni Pa\u0144stwo,<\/p>\n\n\n\n<p class=\"wp-block-paragraph\">Dy\u017cur P. mgr Lucasa Skurczy\u0144skiego odb\u0119dzie si\u0119 w dniu 28 maja 2026 r., w godzinach 16:30-17:30.<\/p>\n\n\n\n<p class=\"wp-block-paragraph\">Z wyrazami szacunku,<\/p>\n\n\n\n<p class=\"wp-block-paragraph\">Sekretariat IR<\/p>\n","protected":false},"excerpt":{"rendered":"<p>Szanowni Pa\u0144stwo, Dy\u017cur P. mgr Lucasa Skurczy\u0144skiego odb\u0119dzie si\u0119 w dniu 28 maja 2026 r., w godzinach 16:30-17:30. Z wyrazami szacunku, Sekretariat IR<\/p>\n","protected":false},"author":13,"featured_media":0,"comment_status":"closed","ping_status":"open","sticky":false,"template":"","format":"standard","meta":{"footnotes":""},"categories":[8,7,37],"tags":[],"class_list":["post-7678","post","type-post","status-publish","format-standard","hentry","category-aktualnosci","category-ogloszenia-dla-studentow","category-ogloszenia-dla-studentow-fr"],"_links":{"self":[{"href":"https:\/\/romanistyka.wn.uw.edu.pl\/index.php\/wp-json\/wp\/v2\/posts\/7678","targetHints":{"allow":["GET"]}}],"collection":[{"href":"https:\/\/romanistyka.wn.uw.edu.pl\/index.php\/wp-json\/wp\/v2\/posts"}],"about":[{"href":"https:\/\/romanistyka.wn.uw.edu.pl\/index.php\/wp-json\/wp\/v2\/types\/post"}],"author":[{"embeddable":true,"href":"https:\/\/romanistyka.wn.uw.edu.pl\/index.php\/wp-json\/wp\/v2\/users\/13"}],"replies":[{"embeddable":true,"href":"https:\/\/romanistyka.wn.uw.edu.pl\/index.php\/wp-json\/wp\/v2\/comments?post=7678"}],"version-history":[{"count":1,"href":"https:\/\/romanistyka.wn.uw.edu.pl\/index.php\/wp-json\/wp\/v2\/posts\/7678\/revisions"}],"predecessor-version":[{"id":7679,"href":"https:\/\/romanistyka.wn.uw.edu.pl\/index.php\/wp-json\/wp\/v2\/posts\/7678\/revisions\/7679"}],"wp:attachment":[{"href":"https:\/\/romanistyka.wn.uw.edu.pl\/index.php\/wp-json\/wp\/v2\/media?parent=7678"}],"wp:term":[{"taxonomy":"category","embeddable":true,"href":"https:\/\/romanistyka.wn.uw.edu.pl\/index.php\/wp-json\/wp\/v2\/categories?post=7678"},{"taxonomy":"post_tag","embeddable":true,"href":"https:\/\/romanistyka.wn.uw.edu.pl\/index.php\/wp-json\/wp\/v2\/tags?post=7678"}],"curies":[{"name":"wp","href":"https:\/\/api.w.org\/{rel}","templated":true}]}}