{"id":7593,"date":"2026-04-24T13:34:41","date_gmt":"2026-04-24T13:34:41","guid":{"rendered":"https:\/\/romanistyka.wn.uw.edu.pl\/?p=7593"},"modified":"2026-04-24T13:34:41","modified_gmt":"2026-04-24T13:34:41","slug":"nieobecnosc-dr-dariusza-krawczyka-27-i-28-kwietnia","status":"publish","type":"post","link":"https:\/\/romanistyka.wn.uw.edu.pl\/index.php\/2026\/04\/24\/nieobecnosc-dr-dariusza-krawczyka-27-i-28-kwietnia\/","title":{"rendered":"Nieobecno\u015b\u0107 dr Dariusza Krawczyka 27 i 28 kwietnia"},"content":{"rendered":"<p>Szanowni Pa\u0144stwo,<\/p>\n<p>w dniach 27-28 kwietnia b\u0119d\u0119 nieobecny z powodu wyjazdu s\u0142u\u017cbowego.<\/p>\n<p>Z powa\u017caniem,<br \/>\nDariusz Krawczyk<\/p>\n","protected":false},"excerpt":{"rendered":"<p>Szanowni Pa\u0144stwo, w dniach 27-28 kwietnia b\u0119d\u0119 nieobecny z powodu wyjazdu s\u0142u\u017cbowego. Z powa\u017caniem, Dariusz Krawczyk<\/p>\n","protected":false},"author":6,"featured_media":0,"comment_status":"closed","ping_status":"open","sticky":false,"template":"","format":"standard","meta":{"footnotes":""},"categories":[7],"tags":[],"class_list":["post-7593","post","type-post","status-publish","format-standard","hentry","category-ogloszenia-dla-studentow"],"_links":{"self":[{"href":"https:\/\/romanistyka.wn.uw.edu.pl\/index.php\/wp-json\/wp\/v2\/posts\/7593","targetHints":{"allow":["GET"]}}],"collection":[{"href":"https:\/\/romanistyka.wn.uw.edu.pl\/index.php\/wp-json\/wp\/v2\/posts"}],"about":[{"href":"https:\/\/romanistyka.wn.uw.edu.pl\/index.php\/wp-json\/wp\/v2\/types\/post"}],"author":[{"embeddable":true,"href":"https:\/\/romanistyka.wn.uw.edu.pl\/index.php\/wp-json\/wp\/v2\/users\/6"}],"replies":[{"embeddable":true,"href":"https:\/\/romanistyka.wn.uw.edu.pl\/index.php\/wp-json\/wp\/v2\/comments?post=7593"}],"version-history":[{"count":1,"href":"https:\/\/romanistyka.wn.uw.edu.pl\/index.php\/wp-json\/wp\/v2\/posts\/7593\/revisions"}],"predecessor-version":[{"id":7594,"href":"https:\/\/romanistyka.wn.uw.edu.pl\/index.php\/wp-json\/wp\/v2\/posts\/7593\/revisions\/7594"}],"wp:attachment":[{"href":"https:\/\/romanistyka.wn.uw.edu.pl\/index.php\/wp-json\/wp\/v2\/media?parent=7593"}],"wp:term":[{"taxonomy":"category","embeddable":true,"href":"https:\/\/romanistyka.wn.uw.edu.pl\/index.php\/wp-json\/wp\/v2\/categories?post=7593"},{"taxonomy":"post_tag","embeddable":true,"href":"https:\/\/romanistyka.wn.uw.edu.pl\/index.php\/wp-json\/wp\/v2\/tags?post=7593"}],"curies":[{"name":"wp","href":"https:\/\/api.w.org\/{rel}","templated":true}]}}