{"id":7514,"date":"2026-04-01T11:00:51","date_gmt":"2026-04-01T11:00:51","guid":{"rendered":"https:\/\/romanistyka.wn.uw.edu.pl\/?p=7514"},"modified":"2026-04-01T11:00:51","modified_gmt":"2026-04-01T11:00:51","slug":"dzien-rektorski-4-maja-2026-r","status":"publish","type":"post","link":"https:\/\/romanistyka.wn.uw.edu.pl\/index.php\/2026\/04\/01\/dzien-rektorski-4-maja-2026-r\/","title":{"rendered":"Dzie\u0144 Rektorski &#8211; 4 maja 2026 r."},"content":{"rendered":"\n<p class=\"wp-block-paragraph\">Szanowni Pa\u0144stwo,&nbsp;<\/p>\n\n\n\n<p class=\"wp-block-paragraph\">w imieniu Rektora Macieja Rasia uprzejmie informujemy, \u017ce na wniosek Zarz\u0105du Samorz\u0105du Student\u00f3w, decyzj\u0105 JM Rektora,\u00a0<strong>4 maja 2026 r. jest dniem rektorskim.<\/strong><br><\/p>\n\n\n\n<p class=\"wp-block-paragraph\">Sekretariat IR<\/p>\n","protected":false},"excerpt":{"rendered":"<p>Szanowni Pa\u0144stwo,&nbsp; w imieniu Rektora Macieja Rasia uprzejmie informujemy, \u017ce na wniosek Zarz\u0105du Samorz\u0105du Student\u00f3w, decyzj\u0105 JM Rektora,\u00a04 maja 2026 r. jest dniem rektorskim. Sekretariat IR<\/p>\n","protected":false},"author":14,"featured_media":0,"comment_status":"closed","ping_status":"open","sticky":false,"template":"","format":"standard","meta":{"footnotes":""},"categories":[8,6,7,37],"tags":[],"class_list":["post-7514","post","type-post","status-publish","format-standard","hentry","category-aktualnosci","category-ogloszenia-dla-pracownikow","category-ogloszenia-dla-studentow","category-ogloszenia-dla-studentow-fr"],"_links":{"self":[{"href":"https:\/\/romanistyka.wn.uw.edu.pl\/index.php\/wp-json\/wp\/v2\/posts\/7514","targetHints":{"allow":["GET"]}}],"collection":[{"href":"https:\/\/romanistyka.wn.uw.edu.pl\/index.php\/wp-json\/wp\/v2\/posts"}],"about":[{"href":"https:\/\/romanistyka.wn.uw.edu.pl\/index.php\/wp-json\/wp\/v2\/types\/post"}],"author":[{"embeddable":true,"href":"https:\/\/romanistyka.wn.uw.edu.pl\/index.php\/wp-json\/wp\/v2\/users\/14"}],"replies":[{"embeddable":true,"href":"https:\/\/romanistyka.wn.uw.edu.pl\/index.php\/wp-json\/wp\/v2\/comments?post=7514"}],"version-history":[{"count":1,"href":"https:\/\/romanistyka.wn.uw.edu.pl\/index.php\/wp-json\/wp\/v2\/posts\/7514\/revisions"}],"predecessor-version":[{"id":7515,"href":"https:\/\/romanistyka.wn.uw.edu.pl\/index.php\/wp-json\/wp\/v2\/posts\/7514\/revisions\/7515"}],"wp:attachment":[{"href":"https:\/\/romanistyka.wn.uw.edu.pl\/index.php\/wp-json\/wp\/v2\/media?parent=7514"}],"wp:term":[{"taxonomy":"category","embeddable":true,"href":"https:\/\/romanistyka.wn.uw.edu.pl\/index.php\/wp-json\/wp\/v2\/categories?post=7514"},{"taxonomy":"post_tag","embeddable":true,"href":"https:\/\/romanistyka.wn.uw.edu.pl\/index.php\/wp-json\/wp\/v2\/tags?post=7514"}],"curies":[{"name":"wp","href":"https:\/\/api.w.org\/{rel}","templated":true}]}}