{"id":7501,"date":"2026-03-26T14:09:57","date_gmt":"2026-03-26T14:09:57","guid":{"rendered":"https:\/\/romanistyka.wn.uw.edu.pl\/?p=7501"},"modified":"2026-03-26T14:09:57","modified_gmt":"2026-03-26T14:09:57","slug":"odwolane-zajecia-i-dyzur-prof-anny-kieliszczyk","status":"publish","type":"post","link":"https:\/\/romanistyka.wn.uw.edu.pl\/index.php\/2026\/03\/26\/odwolane-zajecia-i-dyzur-prof-anny-kieliszczyk\/","title":{"rendered":"Odwo\u0142ane zaj\u0119cia i dy\u017cur prof. Anny Kieliszczyk\u00a0"},"content":{"rendered":"\n<p class=\"wp-block-paragraph\"><strong>Z powodu choroby prof. Anna Kieliszczyk odwo\u0142uje zaj\u0119cia i dy\u017cur w dniach 25-27.03.2026<\/strong><\/p>\n\n\n\n<p class=\"wp-block-paragraph\"><\/p>\n","protected":false},"excerpt":{"rendered":"<p>Z powodu choroby prof. Anna Kieliszczyk odwo\u0142uje zaj\u0119cia i dy\u017cur w dniach 25-27.03.2026<\/p>\n","protected":false},"author":14,"featured_media":0,"comment_status":"closed","ping_status":"open","sticky":false,"template":"","format":"standard","meta":{"footnotes":""},"categories":[8,7,37],"tags":[],"class_list":["post-7501","post","type-post","status-publish","format-standard","hentry","category-aktualnosci","category-ogloszenia-dla-studentow","category-ogloszenia-dla-studentow-fr"],"_links":{"self":[{"href":"https:\/\/romanistyka.wn.uw.edu.pl\/index.php\/wp-json\/wp\/v2\/posts\/7501","targetHints":{"allow":["GET"]}}],"collection":[{"href":"https:\/\/romanistyka.wn.uw.edu.pl\/index.php\/wp-json\/wp\/v2\/posts"}],"about":[{"href":"https:\/\/romanistyka.wn.uw.edu.pl\/index.php\/wp-json\/wp\/v2\/types\/post"}],"author":[{"embeddable":true,"href":"https:\/\/romanistyka.wn.uw.edu.pl\/index.php\/wp-json\/wp\/v2\/users\/14"}],"replies":[{"embeddable":true,"href":"https:\/\/romanistyka.wn.uw.edu.pl\/index.php\/wp-json\/wp\/v2\/comments?post=7501"}],"version-history":[{"count":1,"href":"https:\/\/romanistyka.wn.uw.edu.pl\/index.php\/wp-json\/wp\/v2\/posts\/7501\/revisions"}],"predecessor-version":[{"id":7502,"href":"https:\/\/romanistyka.wn.uw.edu.pl\/index.php\/wp-json\/wp\/v2\/posts\/7501\/revisions\/7502"}],"wp:attachment":[{"href":"https:\/\/romanistyka.wn.uw.edu.pl\/index.php\/wp-json\/wp\/v2\/media?parent=7501"}],"wp:term":[{"taxonomy":"category","embeddable":true,"href":"https:\/\/romanistyka.wn.uw.edu.pl\/index.php\/wp-json\/wp\/v2\/categories?post=7501"},{"taxonomy":"post_tag","embeddable":true,"href":"https:\/\/romanistyka.wn.uw.edu.pl\/index.php\/wp-json\/wp\/v2\/tags?post=7501"}],"curies":[{"name":"wp","href":"https:\/\/api.w.org\/{rel}","templated":true}]}}