{"id":746,"date":"2023-02-07T10:08:30","date_gmt":"2023-02-07T10:08:30","guid":{"rendered":"https:\/\/romanistyka.wn.uw.edu.pl\/?p=746"},"modified":"2025-05-16T20:53:09","modified_gmt":"2025-05-16T20:53:09","slug":"otwarte-zebranie-naukowe-zakladu-jezykoznawstwa","status":"publish","type":"post","link":"https:\/\/romanistyka.wn.uw.edu.pl\/index.php\/2023\/02\/07\/otwarte-zebranie-naukowe-zakladu-jezykoznawstwa\/","title":{"rendered":"Otwarte zebranie naukowe Zak\u0142adu J\u0119zykoznawstwa"},"content":{"rendered":"\n<p class=\"wp-block-paragraph\">W imieniu dr Magdaleny Grycan i w\u0142asnym, zapraszam na kolejne<br>otwarte zebranie naukowe Zak\u0142adu J\u0119zykoznawstwa, kt\u00f3re odb\u0119dzie si\u0119 we wtorek 13 grudnia o 16.35 w sali 3.020.<br>dr Magdalena Grycan przygotowa\u0142a wyst\u0105pienie pt. Le th\u00e8me du pain dans des albums de jeunesse choisis : termes, contextes et d\u00e9fis pour la traduction.<br>Zaproszenie kierujemy do wszystkich zainteresowanych przek\u0142adem, w szczeg\u00f3lno\u015bci student\u00f3w studi\u00f3w II stopnia profilu przek\u0142adowego i student\u00f3w studi\u00f3w I stopnia ucz\u0119szczaj\u0105cych na konwersatorium j\u0119zykoznawcze prowadzone przez pani\u0105 doktor.<br>Zapraszam,<br>Ma\u0142gorzata Izert<\/p>\n","protected":false},"excerpt":{"rendered":"<p>W imieniu dr Magdaleny Grycan i w\u0142asnym, zapraszam na kolejneotwarte zebranie naukowe Zak\u0142adu J\u0119zykoznawstwa, kt\u00f3re odb\u0119dzie si\u0119 we wtorek 13 grudnia o 16.35 w sali 3.020.dr Magdalena Grycan przygotowa\u0142a wyst\u0105pienie pt. Le th\u00e8me du pain dans des albums de jeunesse choisis : termes, contextes et d\u00e9fis pour la traduction.Zaproszenie kierujemy do wszystkich zainteresowanych przek\u0142adem, w [&hellip;]<\/p>\n","protected":false},"author":1,"featured_media":0,"comment_status":"open","ping_status":"open","sticky":false,"template":"","format":"standard","meta":{"footnotes":""},"categories":[],"tags":[],"class_list":["post-746","post","type-post","status-publish","format-standard","hentry"],"_links":{"self":[{"href":"https:\/\/romanistyka.wn.uw.edu.pl\/index.php\/wp-json\/wp\/v2\/posts\/746","targetHints":{"allow":["GET"]}}],"collection":[{"href":"https:\/\/romanistyka.wn.uw.edu.pl\/index.php\/wp-json\/wp\/v2\/posts"}],"about":[{"href":"https:\/\/romanistyka.wn.uw.edu.pl\/index.php\/wp-json\/wp\/v2\/types\/post"}],"author":[{"embeddable":true,"href":"https:\/\/romanistyka.wn.uw.edu.pl\/index.php\/wp-json\/wp\/v2\/users\/1"}],"replies":[{"embeddable":true,"href":"https:\/\/romanistyka.wn.uw.edu.pl\/index.php\/wp-json\/wp\/v2\/comments?post=746"}],"version-history":[{"count":1,"href":"https:\/\/romanistyka.wn.uw.edu.pl\/index.php\/wp-json\/wp\/v2\/posts\/746\/revisions"}],"predecessor-version":[{"id":747,"href":"https:\/\/romanistyka.wn.uw.edu.pl\/index.php\/wp-json\/wp\/v2\/posts\/746\/revisions\/747"}],"wp:attachment":[{"href":"https:\/\/romanistyka.wn.uw.edu.pl\/index.php\/wp-json\/wp\/v2\/media?parent=746"}],"wp:term":[{"taxonomy":"category","embeddable":true,"href":"https:\/\/romanistyka.wn.uw.edu.pl\/index.php\/wp-json\/wp\/v2\/categories?post=746"},{"taxonomy":"post_tag","embeddable":true,"href":"https:\/\/romanistyka.wn.uw.edu.pl\/index.php\/wp-json\/wp\/v2\/tags?post=746"}],"curies":[{"name":"wp","href":"https:\/\/api.w.org\/{rel}","templated":true}]}}