{"id":7438,"date":"2026-03-10T13:43:44","date_gmt":"2026-03-10T13:43:44","guid":{"rendered":"https:\/\/romanistyka.wn.uw.edu.pl\/?p=7438"},"modified":"2026-03-10T13:43:44","modified_gmt":"2026-03-10T13:43:44","slug":"odwolanie-zajec-u-dr-sary-del-rossi","status":"publish","type":"post","link":"https:\/\/romanistyka.wn.uw.edu.pl\/index.php\/2026\/03\/10\/odwolanie-zajec-u-dr-sary-del-rossi\/","title":{"rendered":"Odwo\u0142anie zaj\u0119\u0107 u dr Sary Del Rossi"},"content":{"rendered":"\n<p class=\"wp-block-paragraph\">Szanowni Pa\u0144stwo,<\/p>\n\n\n\n<p class=\"wp-block-paragraph\">informujemy, \u00a0\u017ce \u00a0w  przysz\u0142ym tygodniu 18-19.03.2026 r.\u00a0zaj\u0119cia oraz dy\u017cur u dr Sary Del Rossi zostaj\u0105 odwo\u0142ane.\u00a0<\/p>\n\n\n\n<p class=\"wp-block-paragraph\">Z wyrazami szacunku,<\/p>\n\n\n\n<p class=\"wp-block-paragraph\">Sekretariat IR<\/p>\n","protected":false},"excerpt":{"rendered":"<p>Szanowni Pa\u0144stwo, informujemy, \u00a0\u017ce \u00a0w przysz\u0142ym tygodniu 18-19.03.2026 r.\u00a0zaj\u0119cia oraz dy\u017cur u dr Sary Del Rossi zostaj\u0105 odwo\u0142ane.\u00a0 Z wyrazami szacunku, Sekretariat IR<\/p>\n","protected":false},"author":13,"featured_media":0,"comment_status":"closed","ping_status":"open","sticky":false,"template":"","format":"standard","meta":{"footnotes":""},"categories":[8,6,7,37,9],"tags":[],"class_list":["post-7438","post","type-post","status-publish","format-standard","hentry","category-aktualnosci","category-ogloszenia-dla-pracownikow","category-ogloszenia-dla-studentow","category-ogloszenia-dla-studentow-fr","category-wydarzenia"],"_links":{"self":[{"href":"https:\/\/romanistyka.wn.uw.edu.pl\/index.php\/wp-json\/wp\/v2\/posts\/7438","targetHints":{"allow":["GET"]}}],"collection":[{"href":"https:\/\/romanistyka.wn.uw.edu.pl\/index.php\/wp-json\/wp\/v2\/posts"}],"about":[{"href":"https:\/\/romanistyka.wn.uw.edu.pl\/index.php\/wp-json\/wp\/v2\/types\/post"}],"author":[{"embeddable":true,"href":"https:\/\/romanistyka.wn.uw.edu.pl\/index.php\/wp-json\/wp\/v2\/users\/13"}],"replies":[{"embeddable":true,"href":"https:\/\/romanistyka.wn.uw.edu.pl\/index.php\/wp-json\/wp\/v2\/comments?post=7438"}],"version-history":[{"count":1,"href":"https:\/\/romanistyka.wn.uw.edu.pl\/index.php\/wp-json\/wp\/v2\/posts\/7438\/revisions"}],"predecessor-version":[{"id":7439,"href":"https:\/\/romanistyka.wn.uw.edu.pl\/index.php\/wp-json\/wp\/v2\/posts\/7438\/revisions\/7439"}],"wp:attachment":[{"href":"https:\/\/romanistyka.wn.uw.edu.pl\/index.php\/wp-json\/wp\/v2\/media?parent=7438"}],"wp:term":[{"taxonomy":"category","embeddable":true,"href":"https:\/\/romanistyka.wn.uw.edu.pl\/index.php\/wp-json\/wp\/v2\/categories?post=7438"},{"taxonomy":"post_tag","embeddable":true,"href":"https:\/\/romanistyka.wn.uw.edu.pl\/index.php\/wp-json\/wp\/v2\/tags?post=7438"}],"curies":[{"name":"wp","href":"https:\/\/api.w.org\/{rel}","templated":true}]}}