{"id":7391,"date":"2026-02-19T20:51:10","date_gmt":"2026-02-19T20:51:10","guid":{"rendered":"https:\/\/romanistyka.wn.uw.edu.pl\/?p=7391"},"modified":"2026-02-19T20:51:10","modified_gmt":"2026-02-19T20:51:10","slug":"uniwersytet-w-caen-francja-letnie-kursy-jezykowe-dla-studentow-2","status":"publish","type":"post","link":"https:\/\/romanistyka.wn.uw.edu.pl\/index.php\/2026\/02\/19\/uniwersytet-w-caen-francja-letnie-kursy-jezykowe-dla-studentow-2\/","title":{"rendered":"Uniwersytet w Caen, Francja \u2013 Letnie kursy j\u0119zykowe dla student\u00f3w"},"content":{"rendered":"\n<p class=\"wp-block-paragraph\">Szanowni Pa\u0144stwo &nbsp;<\/p>\n\n\n\n<p class=\"wp-block-paragraph\">przekazuj\u0119&nbsp; informacj\u0119 z BWZ o&nbsp;<strong>stypendium na letni kurs j\u0119zyka francuskiego na Uniwersytecie Caen we Francji.<\/strong><\/p>\n\n\n\n<p class=\"wp-block-paragraph\">2 miejsca obejmuj\u0105 bezp\u0142atny kurs oraz bezp\u0142atne zakwaterowanie<\/p>\n\n\n\n<p class=\"wp-block-paragraph\"><strong><u>BWZ&nbsp;przyjmuje zg\u0142oszenia do 02 marca 2026 do godz. 07.00 rano<\/u><\/strong><\/p>\n\n\n\n<p class=\"wp-block-paragraph\">\u0141\u0105cz\u0119 serdeczne pozdrowienia<\/p>\n\n\n\n<p class=\"wp-block-paragraph\">Anna Ciostek<\/p>\n\n\n\n<div class=\"wp-block-file\"><a id=\"wp-block-file--media-82c46e8e-df58-4e3e-9cea-7121ce5978ae\" href=\"https:\/\/romanistyka.wn.uw.edu.pl\/wp-content\/uploads\/2026\/02\/Brochure-flyer-ecoles-d-ete-1.pdf\" target=\"_blank\" rel=\"noreferrer noopener\">Broszura informacyjna<\/a><a href=\"https:\/\/romanistyka.wn.uw.edu.pl\/wp-content\/uploads\/2026\/02\/Brochure-flyer-ecoles-d-ete-1.pdf\" class=\"wp-block-file__button wp-element-button\" download aria-describedby=\"wp-block-file--media-82c46e8e-df58-4e3e-9cea-7121ce5978ae\"><span class=\"wp-rich-text-font-awesome-icon wp-font-awesome-icon\"><svg aria-hidden=\"true\" focusable=\"false\" data-prefix=\"fas\" data-icon=\"download\" class=\"svg-inline--fa fa-download \" role=\"img\" xmlns=\"http:\/\/www.w3.org\/2000\/svg\" viewBox=\"0 0 512 512\"><path fill=\"currentColor\" d=\"M288 32c0-17.7-14.3-32-32-32s-32 14.3-32 32V274.7l-73.4-73.4c-12.5-12.5-32.8-12.5-45.3 0s-12.5 32.8 0 45.3l128 128c12.5 12.5 32.8 12.5 45.3 0l128-128c12.5-12.5 12.5-32.8 0-45.3s-32.8-12.5-45.3 0L288 274.7V32zM64 352c-35.3 0-64 28.7-64 64v32c0 35.3 28.7 64 64 64H448c35.3 0 64-28.7 64-64V416c0-35.3-28.7-64-64-64H346.5l-45.3 45.3c-25 25-65.5 25-90.5 0L165.5 352H64zM432 456c-13.3 0-24-10.7-24-24s10.7-24 24-24s24 10.7 24 24s-10.7 24-24 24z\"><\/path><\/svg><\/span>       Pobierz<\/a><\/div>\n\n\n\n<div class=\"wp-block-file\"><a id=\"wp-block-file--media-f590afab-968d-495f-8e6e-20b699952595\" href=\"https:\/\/romanistyka.wn.uw.edu.pl\/wp-content\/uploads\/2026\/02\/Pozwolenie-na-szkole-letnia-kurs-jezykowy-studenci-Consent-summer-school-language-course-students-3.docx\" target=\"_blank\" rel=\"noreferrer noopener\">Pozwolenie na szko\u0142e\u0328 letnia\u0328 <\/a><a href=\"https:\/\/romanistyka.wn.uw.edu.pl\/wp-content\/uploads\/2026\/02\/Pozwolenie-na-szkole-letnia-kurs-jezykowy-studenci-Consent-summer-school-language-course-students-3.docx\" class=\"wp-block-file__button wp-element-button\" download aria-describedby=\"wp-block-file--media-f590afab-968d-495f-8e6e-20b699952595\"><span class=\"wp-rich-text-font-awesome-icon wp-font-awesome-icon\"><svg aria-hidden=\"true\" focusable=\"false\" data-prefix=\"fas\" data-icon=\"download\" class=\"svg-inline--fa fa-download \" role=\"img\" xmlns=\"http:\/\/www.w3.org\/2000\/svg\" viewBox=\"0 0 512 512\"><path fill=\"currentColor\" d=\"M288 32c0-17.7-14.3-32-32-32s-32 14.3-32 32V274.7l-73.4-73.4c-12.5-12.5-32.8-12.5-45.3 0s-12.5 32.8 0 45.3l128 128c12.5 12.5 32.8 12.5 45.3 0l128-128c12.5-12.5 12.5-32.8 0-45.3s-32.8-12.5-45.3 0L288 274.7V32zM64 352c-35.3 0-64 28.7-64 64v32c0 35.3 28.7 64 64 64H448c35.3 0 64-28.7 64-64V416c0-35.3-28.7-64-64-64H346.5l-45.3 45.3c-25 25-65.5 25-90.5 0L165.5 352H64zM432 456c-13.3 0-24-10.7-24-24s10.7-24 24-24s24 10.7 24 24s-10.7 24-24 24z\"><\/path><\/svg><\/span>   Pobierz<\/a><\/div>\n\n\n\n<div class=\"wp-block-file\"><a id=\"wp-block-file--media-2b517f6c-b1c7-49b3-b0e0-a44e09ccccd1\" href=\"https:\/\/romanistyka.wn.uw.edu.pl\/wp-content\/uploads\/2026\/02\/Uniwersytet-w-Caen.docx\">Dodatkowe informacje<\/a><a href=\"https:\/\/romanistyka.wn.uw.edu.pl\/wp-content\/uploads\/2026\/02\/Uniwersytet-w-Caen.docx\" class=\"wp-block-file__button wp-element-button\" download aria-describedby=\"wp-block-file--media-2b517f6c-b1c7-49b3-b0e0-a44e09ccccd1\"><span class=\"wp-rich-text-font-awesome-icon wp-font-awesome-icon\"><svg aria-hidden=\"true\" focusable=\"false\" data-prefix=\"fas\" data-icon=\"download\" class=\"svg-inline--fa fa-download \" role=\"img\" xmlns=\"http:\/\/www.w3.org\/2000\/svg\" viewBox=\"0 0 512 512\"><path fill=\"currentColor\" d=\"M288 32c0-17.7-14.3-32-32-32s-32 14.3-32 32V274.7l-73.4-73.4c-12.5-12.5-32.8-12.5-45.3 0s-12.5 32.8 0 45.3l128 128c12.5 12.5 32.8 12.5 45.3 0l128-128c12.5-12.5 12.5-32.8 0-45.3s-32.8-12.5-45.3 0L288 274.7V32zM64 352c-35.3 0-64 28.7-64 64v32c0 35.3 28.7 64 64 64H448c35.3 0 64-28.7 64-64V416c0-35.3-28.7-64-64-64H346.5l-45.3 45.3c-25 25-65.5 25-90.5 0L165.5 352H64zM432 456c-13.3 0-24-10.7-24-24s10.7-24 24-24s24 10.7 24 24s-10.7 24-24 24z\"><\/path><\/svg><\/span>   Pobierz<\/a><\/div>\n\n\n\n<p class=\"wp-block-paragraph\"><\/p>\n","protected":false},"excerpt":{"rendered":"<p>Szanowni Pa\u0144stwo &nbsp; przekazuj\u0119&nbsp; informacj\u0119 z BWZ o&nbsp;stypendium na letni kurs j\u0119zyka francuskiego na Uniwersytecie Caen we Francji. 2 miejsca obejmuj\u0105 bezp\u0142atny kurs oraz bezp\u0142atne zakwaterowanie BWZ&nbsp;przyjmuje zg\u0142oszenia do 02 marca 2026 do godz. 07.00 rano \u0141\u0105cz\u0119 serdeczne pozdrowienia Anna Ciostek<\/p>\n","protected":false},"author":3,"featured_media":0,"comment_status":"closed","ping_status":"open","sticky":false,"template":"","format":"standard","meta":{"footnotes":""},"categories":[7,37],"tags":[],"class_list":["post-7391","post","type-post","status-publish","format-standard","hentry","category-ogloszenia-dla-studentow","category-ogloszenia-dla-studentow-fr"],"_links":{"self":[{"href":"https:\/\/romanistyka.wn.uw.edu.pl\/index.php\/wp-json\/wp\/v2\/posts\/7391","targetHints":{"allow":["GET"]}}],"collection":[{"href":"https:\/\/romanistyka.wn.uw.edu.pl\/index.php\/wp-json\/wp\/v2\/posts"}],"about":[{"href":"https:\/\/romanistyka.wn.uw.edu.pl\/index.php\/wp-json\/wp\/v2\/types\/post"}],"author":[{"embeddable":true,"href":"https:\/\/romanistyka.wn.uw.edu.pl\/index.php\/wp-json\/wp\/v2\/users\/3"}],"replies":[{"embeddable":true,"href":"https:\/\/romanistyka.wn.uw.edu.pl\/index.php\/wp-json\/wp\/v2\/comments?post=7391"}],"version-history":[{"count":1,"href":"https:\/\/romanistyka.wn.uw.edu.pl\/index.php\/wp-json\/wp\/v2\/posts\/7391\/revisions"}],"predecessor-version":[{"id":7395,"href":"https:\/\/romanistyka.wn.uw.edu.pl\/index.php\/wp-json\/wp\/v2\/posts\/7391\/revisions\/7395"}],"wp:attachment":[{"href":"https:\/\/romanistyka.wn.uw.edu.pl\/index.php\/wp-json\/wp\/v2\/media?parent=7391"}],"wp:term":[{"taxonomy":"category","embeddable":true,"href":"https:\/\/romanistyka.wn.uw.edu.pl\/index.php\/wp-json\/wp\/v2\/categories?post=7391"},{"taxonomy":"post_tag","embeddable":true,"href":"https:\/\/romanistyka.wn.uw.edu.pl\/index.php\/wp-json\/wp\/v2\/tags?post=7391"}],"curies":[{"name":"wp","href":"https:\/\/api.w.org\/{rel}","templated":true}]}}