{"id":7384,"date":"2026-02-17T13:04:44","date_gmt":"2026-02-17T13:04:44","guid":{"rendered":"https:\/\/romanistyka.wn.uw.edu.pl\/?p=7384"},"modified":"2026-02-17T13:17:28","modified_gmt":"2026-02-17T13:17:28","slug":"egzamin-poprawkowy-z-fonetyki-21-02-2026","status":"publish","type":"post","link":"https:\/\/romanistyka.wn.uw.edu.pl\/index.php\/2026\/02\/17\/egzamin-poprawkowy-z-fonetyki-21-02-2026\/","title":{"rendered":"Egzamin poprawkowy z fonetyki 21.02.2026"},"content":{"rendered":"\n<p class=\"wp-block-paragraph\">Szanowni Pa\u0144stwo,<br><br>Egzamin poprawkowy z fonetyki odb\u0119dzie si\u0119 w sobot\u0119 21.02.2026 w godz. 11-14 w sali 2.130.<br><br>Wszystkie transkrypcje z pierwszego terminu egzaminu mo\u017cna obejrze\u0107 na dy\u017curze dr Agnieszki Janion w czwartek 19.02. w godz. 10-11.<br>W sprawie wyniku z cz\u0119\u015bci teoretycznej prosimy o kontakt mailowy z prof. Ew\u0105 Pileck\u0105.<br><br>Agnieszka Janion<br>Alicja Jaworska-Kaska<br>Ewa Pilecka<\/p>\n","protected":false},"excerpt":{"rendered":"<p>Szanowni Pa\u0144stwo, Egzamin poprawkowy z fonetyki odb\u0119dzie si\u0119 w sobot\u0119 21.02.2026 w godz. 11-14 w sali 2.130. Wszystkie transkrypcje z pierwszego terminu egzaminu mo\u017cna obejrze\u0107 na dy\u017curze dr Agnieszki Janion w czwartek 19.02. w godz. 10-11.W sprawie wyniku z cz\u0119\u015bci teoretycznej prosimy o kontakt mailowy z prof. Ew\u0105 Pileck\u0105. Agnieszka JanionAlicja Jaworska-KaskaEwa Pilecka<\/p>\n","protected":false},"author":6,"featured_media":0,"comment_status":"closed","ping_status":"open","sticky":false,"template":"","format":"standard","meta":{"footnotes":""},"categories":[7],"tags":[],"class_list":["post-7384","post","type-post","status-publish","format-standard","hentry","category-ogloszenia-dla-studentow"],"_links":{"self":[{"href":"https:\/\/romanistyka.wn.uw.edu.pl\/index.php\/wp-json\/wp\/v2\/posts\/7384","targetHints":{"allow":["GET"]}}],"collection":[{"href":"https:\/\/romanistyka.wn.uw.edu.pl\/index.php\/wp-json\/wp\/v2\/posts"}],"about":[{"href":"https:\/\/romanistyka.wn.uw.edu.pl\/index.php\/wp-json\/wp\/v2\/types\/post"}],"author":[{"embeddable":true,"href":"https:\/\/romanistyka.wn.uw.edu.pl\/index.php\/wp-json\/wp\/v2\/users\/6"}],"replies":[{"embeddable":true,"href":"https:\/\/romanistyka.wn.uw.edu.pl\/index.php\/wp-json\/wp\/v2\/comments?post=7384"}],"version-history":[{"count":2,"href":"https:\/\/romanistyka.wn.uw.edu.pl\/index.php\/wp-json\/wp\/v2\/posts\/7384\/revisions"}],"predecessor-version":[{"id":7386,"href":"https:\/\/romanistyka.wn.uw.edu.pl\/index.php\/wp-json\/wp\/v2\/posts\/7384\/revisions\/7386"}],"wp:attachment":[{"href":"https:\/\/romanistyka.wn.uw.edu.pl\/index.php\/wp-json\/wp\/v2\/media?parent=7384"}],"wp:term":[{"taxonomy":"category","embeddable":true,"href":"https:\/\/romanistyka.wn.uw.edu.pl\/index.php\/wp-json\/wp\/v2\/categories?post=7384"},{"taxonomy":"post_tag","embeddable":true,"href":"https:\/\/romanistyka.wn.uw.edu.pl\/index.php\/wp-json\/wp\/v2\/tags?post=7384"}],"curies":[{"name":"wp","href":"https:\/\/api.w.org\/{rel}","templated":true}]}}