{"id":7375,"date":"2026-02-16T20:46:12","date_gmt":"2026-02-16T20:46:12","guid":{"rendered":"https:\/\/romanistyka.wn.uw.edu.pl\/?p=7375"},"modified":"2026-02-16T20:46:12","modified_gmt":"2026-02-16T20:46:12","slug":"uwaga-uplywa-termin-zgloszen-na-wyjazd-erasmus","status":"publish","type":"post","link":"https:\/\/romanistyka.wn.uw.edu.pl\/index.php\/2026\/02\/16\/uwaga-uplywa-termin-zgloszen-na-wyjazd-erasmus\/","title":{"rendered":"Uwaga! Up\u0142ywa termin zg\u0142osze\u0144 na wyjazd Erasmus+"},"content":{"rendered":"\n<p class=\"wp-block-paragraph\">Szanowni Pa\u0144stwo,<\/p>\n\n\n\n<p class=\"wp-block-paragraph\">uprzejmie przypominam, \u017ce termin nadsy\u0142ania zg\u0142osze\u0144 do rekrutacji Erasmus+ up\u0142ywa 17 lutego 2026.<br>Wszystkie szczeg\u00f3\u0142y znajduj\u0105 si\u0119 w zak\u0142adce Erasmus+ na tej stronie.<\/p>\n\n\n\n<p class=\"wp-block-paragraph\">Zapraszam do wzi\u0119cia udzia\u0142u w konkursie!<br>Anna Ciostek<\/p>\n","protected":false},"excerpt":{"rendered":"<p>Szanowni Pa\u0144stwo, uprzejmie przypominam, \u017ce termin nadsy\u0142ania zg\u0142osze\u0144 do rekrutacji Erasmus+ up\u0142ywa 17 lutego 2026.Wszystkie szczeg\u00f3\u0142y znajduj\u0105 si\u0119 w zak\u0142adce Erasmus+ na tej stronie. Zapraszam do wzi\u0119cia udzia\u0142u w konkursie!Anna Ciostek<\/p>\n","protected":false},"author":3,"featured_media":0,"comment_status":"closed","ping_status":"open","sticky":false,"template":"","format":"standard","meta":{"footnotes":""},"categories":[7,37],"tags":[],"class_list":["post-7375","post","type-post","status-publish","format-standard","hentry","category-ogloszenia-dla-studentow","category-ogloszenia-dla-studentow-fr"],"_links":{"self":[{"href":"https:\/\/romanistyka.wn.uw.edu.pl\/index.php\/wp-json\/wp\/v2\/posts\/7375","targetHints":{"allow":["GET"]}}],"collection":[{"href":"https:\/\/romanistyka.wn.uw.edu.pl\/index.php\/wp-json\/wp\/v2\/posts"}],"about":[{"href":"https:\/\/romanistyka.wn.uw.edu.pl\/index.php\/wp-json\/wp\/v2\/types\/post"}],"author":[{"embeddable":true,"href":"https:\/\/romanistyka.wn.uw.edu.pl\/index.php\/wp-json\/wp\/v2\/users\/3"}],"replies":[{"embeddable":true,"href":"https:\/\/romanistyka.wn.uw.edu.pl\/index.php\/wp-json\/wp\/v2\/comments?post=7375"}],"version-history":[{"count":1,"href":"https:\/\/romanistyka.wn.uw.edu.pl\/index.php\/wp-json\/wp\/v2\/posts\/7375\/revisions"}],"predecessor-version":[{"id":7376,"href":"https:\/\/romanistyka.wn.uw.edu.pl\/index.php\/wp-json\/wp\/v2\/posts\/7375\/revisions\/7376"}],"wp:attachment":[{"href":"https:\/\/romanistyka.wn.uw.edu.pl\/index.php\/wp-json\/wp\/v2\/media?parent=7375"}],"wp:term":[{"taxonomy":"category","embeddable":true,"href":"https:\/\/romanistyka.wn.uw.edu.pl\/index.php\/wp-json\/wp\/v2\/categories?post=7375"},{"taxonomy":"post_tag","embeddable":true,"href":"https:\/\/romanistyka.wn.uw.edu.pl\/index.php\/wp-json\/wp\/v2\/tags?post=7375"}],"curies":[{"name":"wp","href":"https:\/\/api.w.org\/{rel}","templated":true}]}}