{"id":7369,"date":"2026-02-16T08:01:03","date_gmt":"2026-02-16T08:01:03","guid":{"rendered":"https:\/\/romanistyka.wn.uw.edu.pl\/?p=7369"},"modified":"2026-02-16T08:01:03","modified_gmt":"2026-02-16T08:01:03","slug":"konkurs-fotograficzny-w-ramach-projektu-flevolution","status":"publish","type":"post","link":"https:\/\/romanistyka.wn.uw.edu.pl\/index.php\/2026\/02\/16\/konkurs-fotograficzny-w-ramach-projektu-flevolution\/","title":{"rendered":"Konkurs fotograficzny w ramach projektu FLEvolution"},"content":{"rendered":"\n\n\n<p class=\"wp-block-paragraph\">Szanowni Pa\u0144stwo,<\/p>\n\n\n\n<p class=\"wp-block-paragraph\">w ramach projektu FLEvolution (<a href=\"https:\/\/flevolution.eu\/cms\/\" target=\"_blank\" rel=\"noreferrer noopener\">https:\/\/flevolution.eu\/cms\/<\/a>), w kt\u00f3rym nasz Instytut uczestniczy jako uczelnia partnerska, serdecznie zapraszamy do udzia\u0142u w konkursie fotograficznym &#8222;Pr\u00e9sences en marge&#8221;.<\/p>\n\n\n\n<p class=\"wp-block-paragraph\">Data ko\u0144cowa nadsy\u0142ania prac konkursowych: 31 marca br.<\/p>\n\n\n\n<p class=\"wp-block-paragraph\">Szczeg\u00f3\u0142y konkursu i zasady uczestnictwa: w za\u0142\u0105cznikach.<\/p>\n\n\n\n<p class=\"wp-block-paragraph\">Prosimy o dok\u0142adne zapoznanie si\u0119 z zawartymi tam informacjami.<\/p>\n\n\n\n<p class=\"wp-block-paragraph\">Gor\u0105co zach\u0119camy do wzi\u0119cia udzia\u0142u w konkursie.<\/p>\n\n\n\n<div data-wp-interactive=\"core\/file\" class=\"wp-block-file\"><object data-wp-bind--hidden=\"!state.hasPdfPreview\" hidden class=\"wp-block-file__embed\" data=\"https:\/\/romanistyka.wn.uw.edu.pl\/wp-content\/uploads\/2026\/02\/concours-photo-2026-FLEvolution-2.pdf\" type=\"application\/pdf\" style=\"width:100%;height:600px\" aria-label=\"Osadzone z concours photo 2026 FLEvolution.\"><\/object><a id=\"wp-block-file--media-732ab064-a808-4915-a5f9-d3b4b5a70502\" href=\"https:\/\/romanistyka.wn.uw.edu.pl\/wp-content\/uploads\/2026\/02\/concours-photo-2026-FLEvolution-2.pdf\">concours photo 2026 FLEvolution<\/a><a href=\"https:\/\/romanistyka.wn.uw.edu.pl\/wp-content\/uploads\/2026\/02\/concours-photo-2026-FLEvolution-2.pdf\" class=\"wp-block-file__button wp-element-button\" download aria-describedby=\"wp-block-file--media-732ab064-a808-4915-a5f9-d3b4b5a70502\">Pobierz<\/a><\/div>\n\n\n\n<div class=\"wp-block-file\"><a id=\"wp-block-file--media-8337a457-818f-4798-be5e-012e4ac07887\" href=\"https:\/\/romanistyka.wn.uw.edu.pl\/wp-content\/uploads\/2026\/02\/konkurs_foto.png\">konkurs_foto<\/a><a href=\"https:\/\/romanistyka.wn.uw.edu.pl\/wp-content\/uploads\/2026\/02\/konkurs_foto.png\" class=\"wp-block-file__button wp-element-button\" download aria-describedby=\"wp-block-file--media-8337a457-818f-4798-be5e-012e4ac07887\">Pobierz<\/a><\/div>\n\n\n\n\n\n<p class=\"wp-block-paragraph\"><\/p>\n","protected":false},"excerpt":{"rendered":"<p>Szanowni Pa\u0144stwo, w ramach projektu FLEvolution (https:\/\/flevolution.eu\/cms\/), w kt\u00f3rym nasz Instytut uczestniczy jako uczelnia partnerska, serdecznie zapraszamy do udzia\u0142u w konkursie fotograficznym &#8222;Pr\u00e9sences en marge&#8221;. Data ko\u0144cowa nadsy\u0142ania prac konkursowych: 31 marca br. Szczeg\u00f3\u0142y konkursu i zasady uczestnictwa: w za\u0142\u0105cznikach. Prosimy o dok\u0142adne zapoznanie si\u0119 z zawartymi tam informacjami. Gor\u0105co zach\u0119camy do wzi\u0119cia udzia\u0142u w [&hellip;]<\/p>\n","protected":false},"author":13,"featured_media":0,"comment_status":"closed","ping_status":"open","sticky":false,"template":"","format":"standard","meta":{"footnotes":""},"categories":[8,9],"tags":[],"class_list":["post-7369","post","type-post","status-publish","format-standard","hentry","category-aktualnosci","category-wydarzenia"],"_links":{"self":[{"href":"https:\/\/romanistyka.wn.uw.edu.pl\/index.php\/wp-json\/wp\/v2\/posts\/7369","targetHints":{"allow":["GET"]}}],"collection":[{"href":"https:\/\/romanistyka.wn.uw.edu.pl\/index.php\/wp-json\/wp\/v2\/posts"}],"about":[{"href":"https:\/\/romanistyka.wn.uw.edu.pl\/index.php\/wp-json\/wp\/v2\/types\/post"}],"author":[{"embeddable":true,"href":"https:\/\/romanistyka.wn.uw.edu.pl\/index.php\/wp-json\/wp\/v2\/users\/13"}],"replies":[{"embeddable":true,"href":"https:\/\/romanistyka.wn.uw.edu.pl\/index.php\/wp-json\/wp\/v2\/comments?post=7369"}],"version-history":[{"count":1,"href":"https:\/\/romanistyka.wn.uw.edu.pl\/index.php\/wp-json\/wp\/v2\/posts\/7369\/revisions"}],"predecessor-version":[{"id":7371,"href":"https:\/\/romanistyka.wn.uw.edu.pl\/index.php\/wp-json\/wp\/v2\/posts\/7369\/revisions\/7371"}],"wp:attachment":[{"href":"https:\/\/romanistyka.wn.uw.edu.pl\/index.php\/wp-json\/wp\/v2\/media?parent=7369"}],"wp:term":[{"taxonomy":"category","embeddable":true,"href":"https:\/\/romanistyka.wn.uw.edu.pl\/index.php\/wp-json\/wp\/v2\/categories?post=7369"},{"taxonomy":"post_tag","embeddable":true,"href":"https:\/\/romanistyka.wn.uw.edu.pl\/index.php\/wp-json\/wp\/v2\/tags?post=7369"}],"curies":[{"name":"wp","href":"https:\/\/api.w.org\/{rel}","templated":true}]}}