{"id":7292,"date":"2026-01-28T09:13:01","date_gmt":"2026-01-28T09:13:01","guid":{"rendered":"https:\/\/romanistyka.wn.uw.edu.pl\/?p=7292"},"modified":"2026-01-28T09:18:45","modified_gmt":"2026-01-28T09:18:45","slug":"wyklad-prof-izabelli-zatorskiej","status":"publish","type":"post","link":"https:\/\/romanistyka.wn.uw.edu.pl\/index.php\/2026\/01\/28\/wyklad-prof-izabelli-zatorskiej\/","title":{"rendered":"Wyk\u0142ad prof. Izabelli Zatorskiej"},"content":{"rendered":"\n<p class=\"wp-block-paragraph\">Serdecznie zapraszamy na wyk\u0142ad, kt\u00f3ry wyg\u0142osi prof. Izabella Zatorska wraz z Dominique&#8217;em Triaire (Universit\u00e9 de Montpellier Paul-Val\u00e9ry) w ramach realizacji projektu badawczego &#8222;Korespondencja mi\u0119dzy Marie Th\u00e9r\u00e8se Rodet Geoffrin a kr\u00f3lem Stanis\u0142awem Augustem&#8221;.<\/p>\n\n\n\n<p class=\"wp-block-paragraph\">Wyk\u0142ad pt. &#8222;<strong>\u00c9diter la correspondance de Madame Geoffrin et de Stanislas Auguste, roi de Pologne : 1764-1777<\/strong>&#8221; odb\u0119dzie si\u0119 w ramach seminarium badawczego <em>\u00c9diter les correspondances du 18e si\u00e8cle : histoire intellectuelle et \u00e9ditoriale<\/em>\u00a0organizowanego przez Lind\u0119 Gil (IRCL, UMPV\/CNRS).<\/p>\n\n\n\n<p class=\"wp-block-paragraph\">Link do streszczenia:&nbsp;<a href=\"https:\/\/ircl.cnrs.fr\/evenement\/editer-les-correspondances-du-18e-siecle-fevrier-2026\/\">https:\/\/ircl.cnrs.fr\/evenement\/editer-les-correspondances-du-18e-siecle-fevrier-2026\/<\/a><\/p>\n\n\n\n<p class=\"wp-block-paragraph\">Program seminarium: <a href=\"https:\/\/ircl.cnrs.fr\/seminaire-editer-les-correspondances-du-xviiie-siecle-2025-2026\/\">https:\/\/ircl.cnrs.fr\/seminaire-editer-les-correspondances-du-xviiie-siecle-2025-2026\/<\/a><\/p>\n\n\n\n<p class=\"wp-block-paragraph\"><strong>Data:<\/strong> czwartek, 5 lutego, godz. 16.15-18.15<\/p>\n\n\n\n<p class=\"wp-block-paragraph\"><strong>Miejsce:<\/strong> Universit\u00e9 Paul-Val\u00e9ry, site Saint-Charles 1, salle du Conseil ou \u00e0 distance.<\/p>\n\n\n\n<p class=\"wp-block-paragraph\"><strong>Wyk\u0142ad b\u0119dzie dost\u0119pny online.<\/strong> W celu otrzymania linka do spotkania, prosimy o kontakt z prof. Zatorsk\u0105.<\/p>\n\n\n\n<p class=\"wp-block-paragraph\"><br><\/p>\n\n\n\n<p class=\"wp-block-paragraph\"><\/p>\n\n\n\n<p class=\"wp-block-paragraph\"><\/p>\n\n\n\n<p class=\"wp-block-paragraph\"><\/p>\n","protected":false},"excerpt":{"rendered":"<p>Serdecznie zapraszamy na wyk\u0142ad, kt\u00f3ry wyg\u0142osi prof. Izabella Zatorska wraz z Dominique&#8217;em Triaire (Universit\u00e9 de Montpellier Paul-Val\u00e9ry) w ramach realizacji projektu badawczego &#8222;Korespondencja mi\u0119dzy Marie Th\u00e9r\u00e8se Rodet Geoffrin a kr\u00f3lem Stanis\u0142awem Augustem&#8221;. Wyk\u0142ad pt. &#8222;\u00c9diter la correspondance de Madame Geoffrin et de Stanislas Auguste, roi de Pologne : 1764-1777&#8221; odb\u0119dzie si\u0119 w ramach seminarium badawczego [&hellip;]<\/p>\n","protected":false},"author":9,"featured_media":7293,"comment_status":"closed","ping_status":"open","sticky":false,"template":"","format":"standard","meta":{"footnotes":""},"categories":[8],"tags":[],"class_list":["post-7292","post","type-post","status-publish","format-standard","has-post-thumbnail","hentry","category-aktualnosci"],"_links":{"self":[{"href":"https:\/\/romanistyka.wn.uw.edu.pl\/index.php\/wp-json\/wp\/v2\/posts\/7292","targetHints":{"allow":["GET"]}}],"collection":[{"href":"https:\/\/romanistyka.wn.uw.edu.pl\/index.php\/wp-json\/wp\/v2\/posts"}],"about":[{"href":"https:\/\/romanistyka.wn.uw.edu.pl\/index.php\/wp-json\/wp\/v2\/types\/post"}],"author":[{"embeddable":true,"href":"https:\/\/romanistyka.wn.uw.edu.pl\/index.php\/wp-json\/wp\/v2\/users\/9"}],"replies":[{"embeddable":true,"href":"https:\/\/romanistyka.wn.uw.edu.pl\/index.php\/wp-json\/wp\/v2\/comments?post=7292"}],"version-history":[{"count":2,"href":"https:\/\/romanistyka.wn.uw.edu.pl\/index.php\/wp-json\/wp\/v2\/posts\/7292\/revisions"}],"predecessor-version":[{"id":7295,"href":"https:\/\/romanistyka.wn.uw.edu.pl\/index.php\/wp-json\/wp\/v2\/posts\/7292\/revisions\/7295"}],"wp:featuredmedia":[{"embeddable":true,"href":"https:\/\/romanistyka.wn.uw.edu.pl\/index.php\/wp-json\/wp\/v2\/media\/7293"}],"wp:attachment":[{"href":"https:\/\/romanistyka.wn.uw.edu.pl\/index.php\/wp-json\/wp\/v2\/media?parent=7292"}],"wp:term":[{"taxonomy":"category","embeddable":true,"href":"https:\/\/romanistyka.wn.uw.edu.pl\/index.php\/wp-json\/wp\/v2\/categories?post=7292"},{"taxonomy":"post_tag","embeddable":true,"href":"https:\/\/romanistyka.wn.uw.edu.pl\/index.php\/wp-json\/wp\/v2\/tags?post=7292"}],"curies":[{"name":"wp","href":"https:\/\/api.w.org\/{rel}","templated":true}]}}