{"id":7267,"date":"2026-01-22T13:29:32","date_gmt":"2026-01-22T13:29:32","guid":{"rendered":"https:\/\/romanistyka.wn.uw.edu.pl\/?p=7267"},"modified":"2026-01-22T13:29:32","modified_gmt":"2026-01-22T13:29:32","slug":"odwolanie-zajec-u-dr-sary-del-rossi-w-dniu-23-01-2026-r","status":"publish","type":"post","link":"https:\/\/romanistyka.wn.uw.edu.pl\/index.php\/2026\/01\/22\/odwolanie-zajec-u-dr-sary-del-rossi-w-dniu-23-01-2026-r\/","title":{"rendered":"Odwo\u0142anie zaj\u0119\u0107 u dr Sary Del Rossi w dniu 23.01.2026 r."},"content":{"rendered":"<p>Szanowni Pa\u0144stwo,<br \/>\nInformujemy, \u017ce w dniu 23 stycznia 2026 r. zostaj\u0105 odwo\u0142ane zaj\u0119cia: PNJF: Kompetencje zintegrowane\u00a0 z godz. 11:30 u dr Sary Del Rossi. Natomiast zaj\u0119cia z godz. 15:00, odbywaj\u0105 si\u0119 zgodnie z planem zaj\u0119\u0107.<\/p>\n<p>Z wyrazami szacunku,<br \/>\nSekretariat IR<\/p>\n","protected":false},"excerpt":{"rendered":"<p>Szanowni Pa\u0144stwo, Informujemy, \u017ce w dniu 23 stycznia 2026 r. zostaj\u0105 odwo\u0142ane zaj\u0119cia: PNJF: Kompetencje zintegrowane\u00a0 z godz. 11:30 u dr Sary Del Rossi. Natomiast zaj\u0119cia z godz. 15:00, odbywaj\u0105 si\u0119 zgodnie z planem zaj\u0119\u0107. Z wyrazami szacunku, Sekretariat IR<\/p>\n","protected":false},"author":13,"featured_media":0,"comment_status":"closed","ping_status":"open","sticky":false,"template":"","format":"standard","meta":{"footnotes":""},"categories":[8,6,7,37],"tags":[],"class_list":["post-7267","post","type-post","status-publish","format-standard","hentry","category-aktualnosci","category-ogloszenia-dla-pracownikow","category-ogloszenia-dla-studentow","category-ogloszenia-dla-studentow-fr"],"_links":{"self":[{"href":"https:\/\/romanistyka.wn.uw.edu.pl\/index.php\/wp-json\/wp\/v2\/posts\/7267","targetHints":{"allow":["GET"]}}],"collection":[{"href":"https:\/\/romanistyka.wn.uw.edu.pl\/index.php\/wp-json\/wp\/v2\/posts"}],"about":[{"href":"https:\/\/romanistyka.wn.uw.edu.pl\/index.php\/wp-json\/wp\/v2\/types\/post"}],"author":[{"embeddable":true,"href":"https:\/\/romanistyka.wn.uw.edu.pl\/index.php\/wp-json\/wp\/v2\/users\/13"}],"replies":[{"embeddable":true,"href":"https:\/\/romanistyka.wn.uw.edu.pl\/index.php\/wp-json\/wp\/v2\/comments?post=7267"}],"version-history":[{"count":1,"href":"https:\/\/romanistyka.wn.uw.edu.pl\/index.php\/wp-json\/wp\/v2\/posts\/7267\/revisions"}],"predecessor-version":[{"id":7268,"href":"https:\/\/romanistyka.wn.uw.edu.pl\/index.php\/wp-json\/wp\/v2\/posts\/7267\/revisions\/7268"}],"wp:attachment":[{"href":"https:\/\/romanistyka.wn.uw.edu.pl\/index.php\/wp-json\/wp\/v2\/media?parent=7267"}],"wp:term":[{"taxonomy":"category","embeddable":true,"href":"https:\/\/romanistyka.wn.uw.edu.pl\/index.php\/wp-json\/wp\/v2\/categories?post=7267"},{"taxonomy":"post_tag","embeddable":true,"href":"https:\/\/romanistyka.wn.uw.edu.pl\/index.php\/wp-json\/wp\/v2\/tags?post=7267"}],"curies":[{"name":"wp","href":"https:\/\/api.w.org\/{rel}","templated":true}]}}