{"id":7223,"date":"2026-01-08T09:34:50","date_gmt":"2026-01-08T09:34:50","guid":{"rendered":"https:\/\/romanistyka.wn.uw.edu.pl\/?p=7223"},"modified":"2026-01-08T09:34:50","modified_gmt":"2026-01-08T09:34:50","slug":"spotkanie-klubu-milosnikow-kultury-francuskiej","status":"publish","type":"post","link":"https:\/\/romanistyka.wn.uw.edu.pl\/index.php\/2026\/01\/08\/spotkanie-klubu-milosnikow-kultury-francuskiej\/","title":{"rendered":"Spotkanie Klubu Mi\u0142o\u015bnik\u00f3w Kultury Francuskiej"},"content":{"rendered":"\n<p class=\"wp-block-paragraph\">15 stycznia 2026 r. o godz. 18.30, panie Ewa Stocka-Kalinowska i Joanna \u017burowska zapraszaj\u0105 do willi GRYF (Konstancin-Jeziorna, ul Sobieskiego 13) na spotkanie z kuratork\u0105 wystawy <em>Niech nas widz\u0105!,<\/em> otwartej w\u00a0Zamku Kr\u00f3lewskim w Warszawie\u00a0do 8 lutego 2026 &#8211;\u00a0<strong>Pani\u0105 dr Monik\u0105 Przypkowsk\u0105<\/strong>, kt\u00f3ra b\u0119dzie m\u00f3wi\u0107 o strojach w obrazach malarzy francuskich.<\/p>\n\n\n\n<p class=\"wp-block-paragraph\">Polecamy!<\/p>\n","protected":false},"excerpt":{"rendered":"<p>15 stycznia 2026 r. o godz. 18.30, panie Ewa Stocka-Kalinowska i Joanna \u017burowska zapraszaj\u0105 do willi GRYF (Konstancin-Jeziorna, ul Sobieskiego 13) na spotkanie z kuratork\u0105 wystawy Niech nas widz\u0105!, otwartej w\u00a0Zamku Kr\u00f3lewskim w Warszawie\u00a0do 8 lutego 2026 &#8211;\u00a0Pani\u0105 dr Monik\u0105 Przypkowsk\u0105, kt\u00f3ra b\u0119dzie m\u00f3wi\u0107 o strojach w obrazach malarzy francuskich. Polecamy!<\/p>\n","protected":false},"author":9,"featured_media":7225,"comment_status":"closed","ping_status":"open","sticky":false,"template":"","format":"standard","meta":{"footnotes":""},"categories":[8],"tags":[],"class_list":["post-7223","post","type-post","status-publish","format-standard","has-post-thumbnail","hentry","category-aktualnosci"],"_links":{"self":[{"href":"https:\/\/romanistyka.wn.uw.edu.pl\/index.php\/wp-json\/wp\/v2\/posts\/7223","targetHints":{"allow":["GET"]}}],"collection":[{"href":"https:\/\/romanistyka.wn.uw.edu.pl\/index.php\/wp-json\/wp\/v2\/posts"}],"about":[{"href":"https:\/\/romanistyka.wn.uw.edu.pl\/index.php\/wp-json\/wp\/v2\/types\/post"}],"author":[{"embeddable":true,"href":"https:\/\/romanistyka.wn.uw.edu.pl\/index.php\/wp-json\/wp\/v2\/users\/9"}],"replies":[{"embeddable":true,"href":"https:\/\/romanistyka.wn.uw.edu.pl\/index.php\/wp-json\/wp\/v2\/comments?post=7223"}],"version-history":[{"count":1,"href":"https:\/\/romanistyka.wn.uw.edu.pl\/index.php\/wp-json\/wp\/v2\/posts\/7223\/revisions"}],"predecessor-version":[{"id":7226,"href":"https:\/\/romanistyka.wn.uw.edu.pl\/index.php\/wp-json\/wp\/v2\/posts\/7223\/revisions\/7226"}],"wp:featuredmedia":[{"embeddable":true,"href":"https:\/\/romanistyka.wn.uw.edu.pl\/index.php\/wp-json\/wp\/v2\/media\/7225"}],"wp:attachment":[{"href":"https:\/\/romanistyka.wn.uw.edu.pl\/index.php\/wp-json\/wp\/v2\/media?parent=7223"}],"wp:term":[{"taxonomy":"category","embeddable":true,"href":"https:\/\/romanistyka.wn.uw.edu.pl\/index.php\/wp-json\/wp\/v2\/categories?post=7223"},{"taxonomy":"post_tag","embeddable":true,"href":"https:\/\/romanistyka.wn.uw.edu.pl\/index.php\/wp-json\/wp\/v2\/tags?post=7223"}],"curies":[{"name":"wp","href":"https:\/\/api.w.org\/{rel}","templated":true}]}}