{"id":7219,"date":"2026-01-07T22:12:31","date_gmt":"2026-01-07T22:12:31","guid":{"rendered":"https:\/\/romanistyka.wn.uw.edu.pl\/?p=7219"},"modified":"2026-01-07T22:14:40","modified_gmt":"2026-01-07T22:14:40","slug":"wanda-fijalkowska-odwoluje-dyzur-8-01-2026","status":"publish","type":"post","link":"https:\/\/romanistyka.wn.uw.edu.pl\/index.php\/2026\/01\/07\/wanda-fijalkowska-odwoluje-dyzur-8-01-2026\/","title":{"rendered":"Wanda Fija\u0142kowska odwo\u0142uje dy\u017cur 8.01.2026"},"content":{"rendered":"\n<p class=\"wp-block-paragraph\">W najbli\u017cszy czwartek, 08.01.2026 r., odwo\u0142uj\u0119 dy\u017cur. B\u0119d\u0119 do Pa\u0144stwa dyspozycji <br>tego samego dnia na Zoomie<br>od   19:30   do   20:30 : <br>WF vous invite \u00e0 une r\u00e9union Zoom programm\u00e9e.<br>Participer \u00e0 la r\u00e9union Zoom<br><a href=\"https:\/\/www.google.com\/url?q=https:\/\/uw-edu-pl.zoom.us\/j\/95855463030?pwd%3Dp6FJaIhMkDHNqfg89rem3d8HkUX8a1.1&amp;sa=D&amp;source=calendar&amp;ust=1768255913402583&amp;usg=AOvVaw3BH96beaAsvEQm4OHn16XY\" target=\"_blank\" rel=\"noreferrer noopener\">https:\/\/uw-edu-pl.zoom.us\/j\/95855463030?pwd=p6FJaIhMkDHNqfg89rem3d8HkUX8a1.1<\/a><br><br>ID de r\u00e9union: 958 5546 3030<br>Code secret: 332318<\/p>\n","protected":false},"excerpt":{"rendered":"<p>W najbli\u017cszy czwartek, 08.01.2026 r., odwo\u0142uj\u0119 dy\u017cur. B\u0119d\u0119 do Pa\u0144stwa dyspozycji tego samego dnia na Zoomieod 19:30 do 20:30 : WF vous invite \u00e0 une r\u00e9union Zoom programm\u00e9e.Participer \u00e0 la r\u00e9union Zoomhttps:\/\/uw-edu-pl.zoom.us\/j\/95855463030?pwd=p6FJaIhMkDHNqfg89rem3d8HkUX8a1.1 ID de r\u00e9union: 958 5546 3030Code secret: 332318<\/p>\n","protected":false},"author":6,"featured_media":0,"comment_status":"closed","ping_status":"open","sticky":false,"template":"","format":"standard","meta":{"footnotes":""},"categories":[15],"tags":[],"class_list":["post-7219","post","type-post","status-publish","format-standard","hentry","category-bez-kategorii-pl"],"_links":{"self":[{"href":"https:\/\/romanistyka.wn.uw.edu.pl\/index.php\/wp-json\/wp\/v2\/posts\/7219","targetHints":{"allow":["GET"]}}],"collection":[{"href":"https:\/\/romanistyka.wn.uw.edu.pl\/index.php\/wp-json\/wp\/v2\/posts"}],"about":[{"href":"https:\/\/romanistyka.wn.uw.edu.pl\/index.php\/wp-json\/wp\/v2\/types\/post"}],"author":[{"embeddable":true,"href":"https:\/\/romanistyka.wn.uw.edu.pl\/index.php\/wp-json\/wp\/v2\/users\/6"}],"replies":[{"embeddable":true,"href":"https:\/\/romanistyka.wn.uw.edu.pl\/index.php\/wp-json\/wp\/v2\/comments?post=7219"}],"version-history":[{"count":2,"href":"https:\/\/romanistyka.wn.uw.edu.pl\/index.php\/wp-json\/wp\/v2\/posts\/7219\/revisions"}],"predecessor-version":[{"id":7221,"href":"https:\/\/romanistyka.wn.uw.edu.pl\/index.php\/wp-json\/wp\/v2\/posts\/7219\/revisions\/7221"}],"wp:attachment":[{"href":"https:\/\/romanistyka.wn.uw.edu.pl\/index.php\/wp-json\/wp\/v2\/media?parent=7219"}],"wp:term":[{"taxonomy":"category","embeddable":true,"href":"https:\/\/romanistyka.wn.uw.edu.pl\/index.php\/wp-json\/wp\/v2\/categories?post=7219"},{"taxonomy":"post_tag","embeddable":true,"href":"https:\/\/romanistyka.wn.uw.edu.pl\/index.php\/wp-json\/wp\/v2\/tags?post=7219"}],"curies":[{"name":"wp","href":"https:\/\/api.w.org\/{rel}","templated":true}]}}