{"id":7217,"date":"2026-01-07T13:17:25","date_gmt":"2026-01-07T13:17:25","guid":{"rendered":"https:\/\/romanistyka.wn.uw.edu.pl\/?p=7217"},"modified":"2026-01-07T13:18:28","modified_gmt":"2026-01-07T13:18:28","slug":"nieobecnosc-prof-pileckiej-w-dniach-7-9-01","status":"publish","type":"post","link":"https:\/\/romanistyka.wn.uw.edu.pl\/index.php\/2026\/01\/07\/nieobecnosc-prof-pileckiej-w-dniach-7-9-01\/","title":{"rendered":"Nieobecno\u015b\u0107 prof.Pileckiej w dniach 7-9.01"},"content":{"rendered":"<p>Prof. Ewa Pilecka odwo\u0142uje dy\u017cury i zaj\u0119cia w dniach 7-9.01 z powodu choroby.<\/p>\n","protected":false},"excerpt":{"rendered":"<p>Prof.Pilecka odwo\u0142uje dy\u017cury i zaj\u0119cia w dniach 7-9.01 z powodu choroby.<\/p>\n","protected":false},"author":6,"featured_media":0,"comment_status":"closed","ping_status":"open","sticky":false,"template":"","format":"standard","meta":{"footnotes":""},"categories":[7],"tags":[],"class_list":["post-7217","post","type-post","status-publish","format-standard","hentry","category-ogloszenia-dla-studentow"],"_links":{"self":[{"href":"https:\/\/romanistyka.wn.uw.edu.pl\/index.php\/wp-json\/wp\/v2\/posts\/7217","targetHints":{"allow":["GET"]}}],"collection":[{"href":"https:\/\/romanistyka.wn.uw.edu.pl\/index.php\/wp-json\/wp\/v2\/posts"}],"about":[{"href":"https:\/\/romanistyka.wn.uw.edu.pl\/index.php\/wp-json\/wp\/v2\/types\/post"}],"author":[{"embeddable":true,"href":"https:\/\/romanistyka.wn.uw.edu.pl\/index.php\/wp-json\/wp\/v2\/users\/6"}],"replies":[{"embeddable":true,"href":"https:\/\/romanistyka.wn.uw.edu.pl\/index.php\/wp-json\/wp\/v2\/comments?post=7217"}],"version-history":[{"count":1,"href":"https:\/\/romanistyka.wn.uw.edu.pl\/index.php\/wp-json\/wp\/v2\/posts\/7217\/revisions"}],"predecessor-version":[{"id":7218,"href":"https:\/\/romanistyka.wn.uw.edu.pl\/index.php\/wp-json\/wp\/v2\/posts\/7217\/revisions\/7218"}],"wp:attachment":[{"href":"https:\/\/romanistyka.wn.uw.edu.pl\/index.php\/wp-json\/wp\/v2\/media?parent=7217"}],"wp:term":[{"taxonomy":"category","embeddable":true,"href":"https:\/\/romanistyka.wn.uw.edu.pl\/index.php\/wp-json\/wp\/v2\/categories?post=7217"},{"taxonomy":"post_tag","embeddable":true,"href":"https:\/\/romanistyka.wn.uw.edu.pl\/index.php\/wp-json\/wp\/v2\/tags?post=7217"}],"curies":[{"name":"wp","href":"https:\/\/api.w.org\/{rel}","templated":true}]}}