{"id":7174,"date":"2025-12-15T14:14:54","date_gmt":"2025-12-15T14:14:54","guid":{"rendered":"https:\/\/romanistyka.wn.uw.edu.pl\/?p=7174"},"modified":"2025-12-15T14:14:54","modified_gmt":"2025-12-15T14:14:54","slug":"organizacja-przedmiotu-wspolczesna-literatura-francuska-i-frankofonska","status":"publish","type":"post","link":"https:\/\/romanistyka.wn.uw.edu.pl\/index.php\/2025\/12\/15\/organizacja-przedmiotu-wspolczesna-literatura-francuska-i-frankofonska\/","title":{"rendered":"Organizacja przedmiotu &#8222;Wsp\u00f3\u0142czesna literatura francuska i frankofo\u0144ska&#8221;"},"content":{"rendered":"\n<p class=\"wp-block-paragraph\">Szanowni Pa\u0144stwo,<\/p>\n\n\n\n<p class=\"wp-block-paragraph\">przedmiot &#8222;Wsp\u00f3\u0142czesna literatura francuska i frankofo\u0144ska (wyk\u0142ad i warsztaty)&#8221; b\u0119dzie zorganizowany w nast\u0119puj\u0105cy spos\u00f3b:&nbsp;<\/p>\n\n\n\n<p class=\"wp-block-paragraph\">Wyk\u0142ad &#8211; od 19\/2 do 16\/4,&nbsp;<\/p>\n\n\n\n<p class=\"wp-block-paragraph\">Zaj\u0119cia w 3 grupach &#8211; wtorki od 21\/4 do ko\u0144ca semestru, w czwartki od 23\/4 do ko\u0144ca semestru.<\/p>\n\n\n\n<p class=\"wp-block-paragraph\">Zapraszamy!<\/p>\n\n\n\n<p class=\"wp-block-paragraph\">Wies\u0142aw Kroker, Judyta Zbierska-Mo\u015bcicka<\/p>\n","protected":false},"excerpt":{"rendered":"<p>Szanowni Pa\u0144stwo, przedmiot &#8222;Wsp\u00f3\u0142czesna literatura francuska i frankofo\u0144ska (wyk\u0142ad i warsztaty)&#8221; b\u0119dzie zorganizowany w nast\u0119puj\u0105cy spos\u00f3b:&nbsp; Wyk\u0142ad &#8211; od 19\/2 do 16\/4,&nbsp; Zaj\u0119cia w 3 grupach &#8211; wtorki od 21\/4 do ko\u0144ca semestru, w czwartki od 23\/4 do ko\u0144ca semestru. Zapraszamy! Wies\u0142aw Kroker, Judyta Zbierska-Mo\u015bcicka<\/p>\n","protected":false},"author":14,"featured_media":0,"comment_status":"closed","ping_status":"open","sticky":false,"template":"","format":"standard","meta":{"footnotes":""},"categories":[8,7,37],"tags":[],"class_list":["post-7174","post","type-post","status-publish","format-standard","hentry","category-aktualnosci","category-ogloszenia-dla-studentow","category-ogloszenia-dla-studentow-fr"],"_links":{"self":[{"href":"https:\/\/romanistyka.wn.uw.edu.pl\/index.php\/wp-json\/wp\/v2\/posts\/7174","targetHints":{"allow":["GET"]}}],"collection":[{"href":"https:\/\/romanistyka.wn.uw.edu.pl\/index.php\/wp-json\/wp\/v2\/posts"}],"about":[{"href":"https:\/\/romanistyka.wn.uw.edu.pl\/index.php\/wp-json\/wp\/v2\/types\/post"}],"author":[{"embeddable":true,"href":"https:\/\/romanistyka.wn.uw.edu.pl\/index.php\/wp-json\/wp\/v2\/users\/14"}],"replies":[{"embeddable":true,"href":"https:\/\/romanistyka.wn.uw.edu.pl\/index.php\/wp-json\/wp\/v2\/comments?post=7174"}],"version-history":[{"count":1,"href":"https:\/\/romanistyka.wn.uw.edu.pl\/index.php\/wp-json\/wp\/v2\/posts\/7174\/revisions"}],"predecessor-version":[{"id":7175,"href":"https:\/\/romanistyka.wn.uw.edu.pl\/index.php\/wp-json\/wp\/v2\/posts\/7174\/revisions\/7175"}],"wp:attachment":[{"href":"https:\/\/romanistyka.wn.uw.edu.pl\/index.php\/wp-json\/wp\/v2\/media?parent=7174"}],"wp:term":[{"taxonomy":"category","embeddable":true,"href":"https:\/\/romanistyka.wn.uw.edu.pl\/index.php\/wp-json\/wp\/v2\/categories?post=7174"},{"taxonomy":"post_tag","embeddable":true,"href":"https:\/\/romanistyka.wn.uw.edu.pl\/index.php\/wp-json\/wp\/v2\/tags?post=7174"}],"curies":[{"name":"wp","href":"https:\/\/api.w.org\/{rel}","templated":true}]}}