{"id":7144,"date":"2025-12-03T16:34:37","date_gmt":"2025-12-03T16:34:37","guid":{"rendered":"https:\/\/romanistyka.wn.uw.edu.pl\/?p=7144"},"modified":"2025-12-03T16:34:37","modified_gmt":"2025-12-03T16:34:37","slug":"uwaga-i-rok-ruszyly-zapisy-na-modul-metodyczny","status":"publish","type":"post","link":"https:\/\/romanistyka.wn.uw.edu.pl\/index.php\/2025\/12\/03\/uwaga-i-rok-ruszyly-zapisy-na-modul-metodyczny\/","title":{"rendered":"Uwaga I rok &#8211; ruszy\u0142y zapisy na modu\u0142 metodyczny"},"content":{"rendered":"\n<p class=\"wp-block-paragraph\">Szanowni Pa\u0144stwo,<br><br>osoby pragn\u0105ce zapisa\u0107 si\u0119 na modu\u0142 metodyczny s\u0105 proszone o zg\u0142oszenie tej informacji mailowo do koordynatorki modu\u0142u metodycznego  dr hab. prof. ucz. Krystyny Szymankiewicz k.szymankiewicz@uw.edu.pl<br>Pa\u0144stwa zg\u0142oszenie zostanie przekazane do sekretariatu IR, aby\u015bcie mogli otrzyma\u0107 \u017cetony potrzebne do rejestracji na przedmioty pedagogiczne.<br><br>Zapraszam!<br><br>Z pozdrowieniami<br>Krystyna Szymankiewicz<br><\/p>\n","protected":false},"excerpt":{"rendered":"<p>Szanowni Pa\u0144stwo, osoby pragn\u0105ce zapisa\u0107 si\u0119 na modu\u0142 metodyczny s\u0105 proszone o zg\u0142oszenie tej informacji mailowo do koordynatorki modu\u0142u metodycznego dr hab. prof. ucz. Krystyny Szymankiewicz k.szymankiewicz@uw.edu.plPa\u0144stwa zg\u0142oszenie zostanie przekazane do sekretariatu IR, aby\u015bcie mogli otrzyma\u0107 \u017cetony potrzebne do rejestracji na przedmioty pedagogiczne. Zapraszam! Z pozdrowieniamiKrystyna Szymankiewicz<\/p>\n","protected":false},"author":6,"featured_media":0,"comment_status":"closed","ping_status":"open","sticky":false,"template":"","format":"standard","meta":{"footnotes":""},"categories":[8,7,37],"tags":[],"class_list":["post-7144","post","type-post","status-publish","format-standard","hentry","category-aktualnosci","category-ogloszenia-dla-studentow","category-ogloszenia-dla-studentow-fr"],"_links":{"self":[{"href":"https:\/\/romanistyka.wn.uw.edu.pl\/index.php\/wp-json\/wp\/v2\/posts\/7144","targetHints":{"allow":["GET"]}}],"collection":[{"href":"https:\/\/romanistyka.wn.uw.edu.pl\/index.php\/wp-json\/wp\/v2\/posts"}],"about":[{"href":"https:\/\/romanistyka.wn.uw.edu.pl\/index.php\/wp-json\/wp\/v2\/types\/post"}],"author":[{"embeddable":true,"href":"https:\/\/romanistyka.wn.uw.edu.pl\/index.php\/wp-json\/wp\/v2\/users\/6"}],"replies":[{"embeddable":true,"href":"https:\/\/romanistyka.wn.uw.edu.pl\/index.php\/wp-json\/wp\/v2\/comments?post=7144"}],"version-history":[{"count":1,"href":"https:\/\/romanistyka.wn.uw.edu.pl\/index.php\/wp-json\/wp\/v2\/posts\/7144\/revisions"}],"predecessor-version":[{"id":7145,"href":"https:\/\/romanistyka.wn.uw.edu.pl\/index.php\/wp-json\/wp\/v2\/posts\/7144\/revisions\/7145"}],"wp:attachment":[{"href":"https:\/\/romanistyka.wn.uw.edu.pl\/index.php\/wp-json\/wp\/v2\/media?parent=7144"}],"wp:term":[{"taxonomy":"category","embeddable":true,"href":"https:\/\/romanistyka.wn.uw.edu.pl\/index.php\/wp-json\/wp\/v2\/categories?post=7144"},{"taxonomy":"post_tag","embeddable":true,"href":"https:\/\/romanistyka.wn.uw.edu.pl\/index.php\/wp-json\/wp\/v2\/tags?post=7144"}],"curies":[{"name":"wp","href":"https:\/\/api.w.org\/{rel}","templated":true}]}}