{"id":7140,"date":"2025-12-03T13:14:08","date_gmt":"2025-12-03T13:14:08","guid":{"rendered":"https:\/\/romanistyka.wn.uw.edu.pl\/?p=7140"},"modified":"2025-12-03T13:14:08","modified_gmt":"2025-12-03T13:14:08","slug":"dyzur-dr-agnieszki-dryjanskiej-odwolany","status":"publish","type":"post","link":"https:\/\/romanistyka.wn.uw.edu.pl\/index.php\/2025\/12\/03\/dyzur-dr-agnieszki-dryjanskiej-odwolany\/","title":{"rendered":"Dy\u017cur dr Agnieszki Dryja\u0144skiej odwo\u0142any"},"content":{"rendered":"\n<p class=\"wp-block-paragraph\">Szanowni Pa\u0144stwo,<\/p>\n\n\n\n<p class=\"wp-block-paragraph\">W \u015brod\u0119 03 grudnia dr A. Dryja\u0144ska odwo\u0142uje sw\u00f3j dy\u017cur.<\/p>\n\n\n\n<p class=\"wp-block-paragraph\">W sprawach plinych prosimy o kontakt mailowy.<\/p>\n","protected":false},"excerpt":{"rendered":"<p>Szanowni Pa\u0144stwo, W \u015brod\u0119 03 grudnia dr A. Dryja\u0144ska odwo\u0142uje sw\u00f3j dy\u017cur. W sprawach plinych prosimy o kontakt mailowy.<\/p>\n","protected":false},"author":9,"featured_media":0,"comment_status":"closed","ping_status":"open","sticky":false,"template":"","format":"standard","meta":{"footnotes":""},"categories":[8,7],"tags":[],"class_list":["post-7140","post","type-post","status-publish","format-standard","hentry","category-aktualnosci","category-ogloszenia-dla-studentow"],"_links":{"self":[{"href":"https:\/\/romanistyka.wn.uw.edu.pl\/index.php\/wp-json\/wp\/v2\/posts\/7140","targetHints":{"allow":["GET"]}}],"collection":[{"href":"https:\/\/romanistyka.wn.uw.edu.pl\/index.php\/wp-json\/wp\/v2\/posts"}],"about":[{"href":"https:\/\/romanistyka.wn.uw.edu.pl\/index.php\/wp-json\/wp\/v2\/types\/post"}],"author":[{"embeddable":true,"href":"https:\/\/romanistyka.wn.uw.edu.pl\/index.php\/wp-json\/wp\/v2\/users\/9"}],"replies":[{"embeddable":true,"href":"https:\/\/romanistyka.wn.uw.edu.pl\/index.php\/wp-json\/wp\/v2\/comments?post=7140"}],"version-history":[{"count":1,"href":"https:\/\/romanistyka.wn.uw.edu.pl\/index.php\/wp-json\/wp\/v2\/posts\/7140\/revisions"}],"predecessor-version":[{"id":7141,"href":"https:\/\/romanistyka.wn.uw.edu.pl\/index.php\/wp-json\/wp\/v2\/posts\/7140\/revisions\/7141"}],"wp:attachment":[{"href":"https:\/\/romanistyka.wn.uw.edu.pl\/index.php\/wp-json\/wp\/v2\/media?parent=7140"}],"wp:term":[{"taxonomy":"category","embeddable":true,"href":"https:\/\/romanistyka.wn.uw.edu.pl\/index.php\/wp-json\/wp\/v2\/categories?post=7140"},{"taxonomy":"post_tag","embeddable":true,"href":"https:\/\/romanistyka.wn.uw.edu.pl\/index.php\/wp-json\/wp\/v2\/tags?post=7140"}],"curies":[{"name":"wp","href":"https:\/\/api.w.org\/{rel}","templated":true}]}}