{"id":7125,"date":"2025-12-01T09:23:36","date_gmt":"2025-12-01T09:23:36","guid":{"rendered":"https:\/\/romanistyka.wn.uw.edu.pl\/?p=7125"},"modified":"2025-12-01T09:23:36","modified_gmt":"2025-12-01T09:23:36","slug":"sekretariat-ir-nieczynny-w-dniach-01-05-12","status":"publish","type":"post","link":"https:\/\/romanistyka.wn.uw.edu.pl\/index.php\/2025\/12\/01\/sekretariat-ir-nieczynny-w-dniach-01-05-12\/","title":{"rendered":"Sekretariat IR nieczynny w dniach 01-05.12"},"content":{"rendered":"\n<p class=\"wp-block-paragraph\">Z uwagi na chorob\u0119 Pracowniczek sekretariat IR pozostanie nieczynny w dniach 01-05 grudnia.<\/p>\n\n\n\n<p class=\"wp-block-paragraph\">W sprawach pilnych prosimy o kontakt mailowy lub bezpo\u015brednio na dy\u017curach (\u015broda, od godz. 10.00 i czwartek od godz. 12.00)<\/p>\n\n\n\n<p class=\"wp-block-paragraph\">z kierowniczk\u0105 studi\u00f3w, dr Karolin\u0105 Wawrzonek.<\/p>\n\n\n\n<p class=\"wp-block-paragraph\">Przepraszamy za utrudnienia.<\/p>\n\n\n\n<p class=\"wp-block-paragraph\"><\/p>\n","protected":false},"excerpt":{"rendered":"<p>Z uwagi na chorob\u0119 Pracowniczek sekretariat IR pozostanie nieczynny w dniach 01-05 grudnia. W sprawach pilnych prosimy o kontakt mailowy lub bezpo\u015brednio na dy\u017curach (\u015broda, od godz. 10.00 i czwartek od godz. 12.00) z kierowniczk\u0105 studi\u00f3w, dr Karolin\u0105 Wawrzonek. Przepraszamy za utrudnienia.<\/p>\n","protected":false},"author":9,"featured_media":0,"comment_status":"closed","ping_status":"open","sticky":false,"template":"","format":"standard","meta":{"footnotes":""},"categories":[8,7],"tags":[],"class_list":["post-7125","post","type-post","status-publish","format-standard","hentry","category-aktualnosci","category-ogloszenia-dla-studentow"],"_links":{"self":[{"href":"https:\/\/romanistyka.wn.uw.edu.pl\/index.php\/wp-json\/wp\/v2\/posts\/7125","targetHints":{"allow":["GET"]}}],"collection":[{"href":"https:\/\/romanistyka.wn.uw.edu.pl\/index.php\/wp-json\/wp\/v2\/posts"}],"about":[{"href":"https:\/\/romanistyka.wn.uw.edu.pl\/index.php\/wp-json\/wp\/v2\/types\/post"}],"author":[{"embeddable":true,"href":"https:\/\/romanistyka.wn.uw.edu.pl\/index.php\/wp-json\/wp\/v2\/users\/9"}],"replies":[{"embeddable":true,"href":"https:\/\/romanistyka.wn.uw.edu.pl\/index.php\/wp-json\/wp\/v2\/comments?post=7125"}],"version-history":[{"count":1,"href":"https:\/\/romanistyka.wn.uw.edu.pl\/index.php\/wp-json\/wp\/v2\/posts\/7125\/revisions"}],"predecessor-version":[{"id":7126,"href":"https:\/\/romanistyka.wn.uw.edu.pl\/index.php\/wp-json\/wp\/v2\/posts\/7125\/revisions\/7126"}],"wp:attachment":[{"href":"https:\/\/romanistyka.wn.uw.edu.pl\/index.php\/wp-json\/wp\/v2\/media?parent=7125"}],"wp:term":[{"taxonomy":"category","embeddable":true,"href":"https:\/\/romanistyka.wn.uw.edu.pl\/index.php\/wp-json\/wp\/v2\/categories?post=7125"},{"taxonomy":"post_tag","embeddable":true,"href":"https:\/\/romanistyka.wn.uw.edu.pl\/index.php\/wp-json\/wp\/v2\/tags?post=7125"}],"curies":[{"name":"wp","href":"https:\/\/api.w.org\/{rel}","templated":true}]}}