{"id":7107,"date":"2025-11-28T05:26:58","date_gmt":"2025-11-28T05:26:58","guid":{"rendered":"https:\/\/romanistyka.wn.uw.edu.pl\/?p=7107"},"modified":"2025-11-28T05:33:11","modified_gmt":"2025-11-28T05:33:11","slug":"pierwszy-dzien-konferencji-jezyk-konflikt-wykluczenie-za-nami","status":"publish","type":"post","link":"https:\/\/romanistyka.wn.uw.edu.pl\/index.php\/2025\/11\/28\/pierwszy-dzien-konferencji-jezyk-konflikt-wykluczenie-za-nami\/","title":{"rendered":"Pierwszy dzie\u0144 Konferencji &#8222;J\u0119zyk-konflikt-wykluczenie&#8221; za nami"},"content":{"rendered":"\n<p class=\"wp-block-paragraph\">Pierwszy dzie\u0144 Konferencji &#8222;J\u0119zyk-konflikt-wykluczenie&#8221; za nami. Poni\u017cej znajd\u0105 Pa\u0144stwo kilka zdj\u0119\u0107 z tego intensywnego dnia dyskusji.<\/p>\n\n\n\n<p class=\"wp-block-paragraph\">Jednocze\u015bnie przypominamy o kolejnych spotkaniach, kt\u00f3re czekaj\u0105 nas dzi\u015b (<a href=\"https:\/\/romanistyka.wn.uw.edu.pl\/wp-content\/uploads\/2025\/11\/Program-Konferencja-JKW-2025-3.pdf\" data-type=\"attachment\" data-id=\"7093\">program<\/a>). W szczeg\u00f3lno\u015bci zapraszamy na debat\u0119 pt. KOGO, JAK I DLACZEGO WYKLUCZAJ\u0104 POLACY?, kt\u00f3ra odb\u0119dzie si\u0119 w godz. 13.30-15.00 w sali 0.141. <br><br>Go\u015b\u0107mi debaty b\u0119d\u0105:<br>&#8211; prof. UW dr hab. Julia Kubisa<br>Dziekana Wydzia\u0142u Socjologii Uniwersytetu Warszawskiego<br>&#8211; prof. UW dr hab. Micha\u0142 Bilewicz<br>Dyrektor Centrum Bada\u0144 nad Uprzedzeniami, Wydzia\u0142 Psychologii Uniwersytetu Warszawskiego<br>&#8211; Martyna Zachorska (<a href=\"https:\/\/www.instagram.com\/paniodfeminatywow\/\">@paniodfeminatywow<\/a>)<br>Wydzia\u0142 Anglistyki Uniwersytetu Adama Mickiewicza w Poznaniu<br><br>Moderacja: mgr Aleksandra Szcz\u0119sna (SDNH) i mgr Cezary W\u0119gli\u0144ski&nbsp;(Instytut Romanistyki \/ Centrum Prawa Francuskiego WPiA UW)<\/p>\n\n\n\n<p class=\"wp-block-paragraph\"> Venez nombreux ! <\/p>\n\n\n\n<div style=\"height:60px\" aria-hidden=\"true\" class=\"wp-block-spacer\"><\/div>\n\n\n\n<figure class=\"wp-block-gallery has-nested-images columns-default is-cropped wp-block-gallery-1 is-layout-flex wp-block-gallery-is-layout-flex\">\n<figure class=\"wp-block-image size-large\"><img loading=\"lazy\" decoding=\"async\" width=\"768\" height=\"1024\" data-id=\"7110\" src=\"https:\/\/romanistyka.wn.uw.edu.pl\/wp-content\/uploads\/2025\/11\/WhatsApp-Image-2025-11-27-at-09.26.27-768x1024.jpeg\" alt=\"\" class=\"wp-image-7110\" srcset=\"https:\/\/romanistyka.wn.uw.edu.pl\/wp-content\/uploads\/2025\/11\/WhatsApp-Image-2025-11-27-at-09.26.27-768x1024.jpeg 768w, https:\/\/romanistyka.wn.uw.edu.pl\/wp-content\/uploads\/2025\/11\/WhatsApp-Image-2025-11-27-at-09.26.27-225x300.jpeg 225w, https:\/\/romanistyka.wn.uw.edu.pl\/wp-content\/uploads\/2025\/11\/WhatsApp-Image-2025-11-27-at-09.26.27-1152x1536.jpeg 1152w, https:\/\/romanistyka.wn.uw.edu.pl\/wp-content\/uploads\/2025\/11\/WhatsApp-Image-2025-11-27-at-09.26.27.jpeg 1536w\" sizes=\"auto, (max-width: 768px) 100vw, 768px\" \/><\/figure>\n\n\n\n<figure class=\"wp-block-image size-large\"><img loading=\"lazy\" decoding=\"async\" width=\"1024\" height=\"768\" data-id=\"7113\" src=\"https:\/\/romanistyka.wn.uw.edu.pl\/wp-content\/uploads\/2025\/11\/WhatsApp-Image-2025-11-27-at-14.33.14-1024x768.jpeg\" alt=\"\" class=\"wp-image-7113\" srcset=\"https:\/\/romanistyka.wn.uw.edu.pl\/wp-content\/uploads\/2025\/11\/WhatsApp-Image-2025-11-27-at-14.33.14-1024x768.jpeg 1024w, https:\/\/romanistyka.wn.uw.edu.pl\/wp-content\/uploads\/2025\/11\/WhatsApp-Image-2025-11-27-at-14.33.14-300x225.jpeg 300w, https:\/\/romanistyka.wn.uw.edu.pl\/wp-content\/uploads\/2025\/11\/WhatsApp-Image-2025-11-27-at-14.33.14-768x576.jpeg 768w, https:\/\/romanistyka.wn.uw.edu.pl\/wp-content\/uploads\/2025\/11\/WhatsApp-Image-2025-11-27-at-14.33.14-1536x1152.jpeg 1536w, https:\/\/romanistyka.wn.uw.edu.pl\/wp-content\/uploads\/2025\/11\/WhatsApp-Image-2025-11-27-at-14.33.14.jpeg 2048w\" sizes=\"auto, (max-width: 1024px) 100vw, 1024px\" \/><\/figure>\n\n\n\n<figure class=\"wp-block-image size-large\"><img loading=\"lazy\" decoding=\"async\" width=\"768\" height=\"1024\" data-id=\"7112\" src=\"https:\/\/romanistyka.wn.uw.edu.pl\/wp-content\/uploads\/2025\/11\/WhatsApp-Image-2025-11-27-at-14.33.14-1-768x1024.jpeg\" alt=\"\" class=\"wp-image-7112\" srcset=\"https:\/\/romanistyka.wn.uw.edu.pl\/wp-content\/uploads\/2025\/11\/WhatsApp-Image-2025-11-27-at-14.33.14-1-768x1024.jpeg 768w, https:\/\/romanistyka.wn.uw.edu.pl\/wp-content\/uploads\/2025\/11\/WhatsApp-Image-2025-11-27-at-14.33.14-1-225x300.jpeg 225w, https:\/\/romanistyka.wn.uw.edu.pl\/wp-content\/uploads\/2025\/11\/WhatsApp-Image-2025-11-27-at-14.33.14-1-1152x1536.jpeg 1152w, https:\/\/romanistyka.wn.uw.edu.pl\/wp-content\/uploads\/2025\/11\/WhatsApp-Image-2025-11-27-at-14.33.14-1.jpeg 1536w\" sizes=\"auto, (max-width: 768px) 100vw, 768px\" \/><\/figure>\n\n\n\n<figure class=\"wp-block-image size-large\"><img loading=\"lazy\" decoding=\"async\" width=\"768\" height=\"1024\" data-id=\"7109\" src=\"https:\/\/romanistyka.wn.uw.edu.pl\/wp-content\/uploads\/2025\/11\/WhatsApp-Image-2025-11-27-at-09.26.26-768x1024.jpeg\" alt=\"\" class=\"wp-image-7109\" srcset=\"https:\/\/romanistyka.wn.uw.edu.pl\/wp-content\/uploads\/2025\/11\/WhatsApp-Image-2025-11-27-at-09.26.26-768x1024.jpeg 768w, https:\/\/romanistyka.wn.uw.edu.pl\/wp-content\/uploads\/2025\/11\/WhatsApp-Image-2025-11-27-at-09.26.26-225x300.jpeg 225w, https:\/\/romanistyka.wn.uw.edu.pl\/wp-content\/uploads\/2025\/11\/WhatsApp-Image-2025-11-27-at-09.26.26-1152x1536.jpeg 1152w, https:\/\/romanistyka.wn.uw.edu.pl\/wp-content\/uploads\/2025\/11\/WhatsApp-Image-2025-11-27-at-09.26.26.jpeg 1536w\" sizes=\"auto, (max-width: 768px) 100vw, 768px\" \/><\/figure>\n\n\n\n<figure class=\"wp-block-image size-large\"><img loading=\"lazy\" decoding=\"async\" width=\"768\" height=\"1024\" data-id=\"7108\" src=\"https:\/\/romanistyka.wn.uw.edu.pl\/wp-content\/uploads\/2025\/11\/WhatsApp-Image-2025-11-27-at-08.59.02-768x1024.jpeg\" alt=\"\" class=\"wp-image-7108\" srcset=\"https:\/\/romanistyka.wn.uw.edu.pl\/wp-content\/uploads\/2025\/11\/WhatsApp-Image-2025-11-27-at-08.59.02-768x1024.jpeg 768w, https:\/\/romanistyka.wn.uw.edu.pl\/wp-content\/uploads\/2025\/11\/WhatsApp-Image-2025-11-27-at-08.59.02-225x300.jpeg 225w, https:\/\/romanistyka.wn.uw.edu.pl\/wp-content\/uploads\/2025\/11\/WhatsApp-Image-2025-11-27-at-08.59.02-1152x1536.jpeg 1152w, https:\/\/romanistyka.wn.uw.edu.pl\/wp-content\/uploads\/2025\/11\/WhatsApp-Image-2025-11-27-at-08.59.02.jpeg 1536w\" sizes=\"auto, (max-width: 768px) 100vw, 768px\" \/><\/figure>\n\n\n\n<figure class=\"wp-block-image size-large\"><img loading=\"lazy\" decoding=\"async\" width=\"768\" height=\"1024\" data-id=\"7111\" src=\"https:\/\/romanistyka.wn.uw.edu.pl\/wp-content\/uploads\/2025\/11\/WhatsApp-Image-2025-11-27-at-14.33.24-768x1024.jpeg\" alt=\"\" class=\"wp-image-7111\" srcset=\"https:\/\/romanistyka.wn.uw.edu.pl\/wp-content\/uploads\/2025\/11\/WhatsApp-Image-2025-11-27-at-14.33.24-768x1024.jpeg 768w, https:\/\/romanistyka.wn.uw.edu.pl\/wp-content\/uploads\/2025\/11\/WhatsApp-Image-2025-11-27-at-14.33.24-225x300.jpeg 225w, https:\/\/romanistyka.wn.uw.edu.pl\/wp-content\/uploads\/2025\/11\/WhatsApp-Image-2025-11-27-at-14.33.24-1152x1536.jpeg 1152w, https:\/\/romanistyka.wn.uw.edu.pl\/wp-content\/uploads\/2025\/11\/WhatsApp-Image-2025-11-27-at-14.33.24.jpeg 1536w\" sizes=\"auto, (max-width: 768px) 100vw, 768px\" \/><\/figure>\n<\/figure>\n","protected":false},"excerpt":{"rendered":"<p>Pierwszy dzie\u0144 Konferencji &#8222;J\u0119zyk-konflikt-wykluczenie&#8221; za nami. Poni\u017cej znajd\u0105 Pa\u0144stwo kilka zdj\u0119\u0107 z tego intensywnego dnia dyskusji. Jednocze\u015bnie przypominamy o kolejnych spotkaniach, kt\u00f3re czekaj\u0105 nas dzi\u015b (program). W szczeg\u00f3lno\u015bci zapraszamy na debat\u0119 pt. KOGO, JAK I DLACZEGO WYKLUCZAJ\u0104 POLACY?, kt\u00f3ra odb\u0119dzie si\u0119 w godz. 13.30-15.00 w sali 0.141. Go\u015b\u0107mi debaty b\u0119d\u0105:&#8211; prof. UW dr hab. Julia [&hellip;]<\/p>\n","protected":false},"author":15,"featured_media":7117,"comment_status":"closed","ping_status":"open","sticky":false,"template":"","format":"standard","meta":{"footnotes":""},"categories":[8,6,7,37,9],"tags":[],"class_list":["post-7107","post","type-post","status-publish","format-standard","has-post-thumbnail","hentry","category-aktualnosci","category-ogloszenia-dla-pracownikow","category-ogloszenia-dla-studentow","category-ogloszenia-dla-studentow-fr","category-wydarzenia"],"_links":{"self":[{"href":"https:\/\/romanistyka.wn.uw.edu.pl\/index.php\/wp-json\/wp\/v2\/posts\/7107","targetHints":{"allow":["GET"]}}],"collection":[{"href":"https:\/\/romanistyka.wn.uw.edu.pl\/index.php\/wp-json\/wp\/v2\/posts"}],"about":[{"href":"https:\/\/romanistyka.wn.uw.edu.pl\/index.php\/wp-json\/wp\/v2\/types\/post"}],"author":[{"embeddable":true,"href":"https:\/\/romanistyka.wn.uw.edu.pl\/index.php\/wp-json\/wp\/v2\/users\/15"}],"replies":[{"embeddable":true,"href":"https:\/\/romanistyka.wn.uw.edu.pl\/index.php\/wp-json\/wp\/v2\/comments?post=7107"}],"version-history":[{"count":2,"href":"https:\/\/romanistyka.wn.uw.edu.pl\/index.php\/wp-json\/wp\/v2\/posts\/7107\/revisions"}],"predecessor-version":[{"id":7115,"href":"https:\/\/romanistyka.wn.uw.edu.pl\/index.php\/wp-json\/wp\/v2\/posts\/7107\/revisions\/7115"}],"wp:featuredmedia":[{"embeddable":true,"href":"https:\/\/romanistyka.wn.uw.edu.pl\/index.php\/wp-json\/wp\/v2\/media\/7117"}],"wp:attachment":[{"href":"https:\/\/romanistyka.wn.uw.edu.pl\/index.php\/wp-json\/wp\/v2\/media?parent=7107"}],"wp:term":[{"taxonomy":"category","embeddable":true,"href":"https:\/\/romanistyka.wn.uw.edu.pl\/index.php\/wp-json\/wp\/v2\/categories?post=7107"},{"taxonomy":"post_tag","embeddable":true,"href":"https:\/\/romanistyka.wn.uw.edu.pl\/index.php\/wp-json\/wp\/v2\/tags?post=7107"}],"curies":[{"name":"wp","href":"https:\/\/api.w.org\/{rel}","templated":true}]}}