{"id":7089,"date":"2025-11-20T13:18:56","date_gmt":"2025-11-20T13:18:56","guid":{"rendered":"https:\/\/romanistyka.wn.uw.edu.pl\/?p=7089"},"modified":"2025-11-20T13:18:56","modified_gmt":"2025-11-20T13:18:56","slug":"wielokulturowy-jarmark-swiateczny","status":"publish","type":"post","link":"https:\/\/romanistyka.wn.uw.edu.pl\/index.php\/2025\/11\/20\/wielokulturowy-jarmark-swiateczny\/","title":{"rendered":"Wielokulturowy Jarmark \u015awi\u0105teczny"},"content":{"rendered":"\n<figure class=\"wp-block-image size-full\"><img loading=\"lazy\" decoding=\"async\" width=\"629\" height=\"517\" src=\"https:\/\/romanistyka.wn.uw.edu.pl\/wp-content\/uploads\/2025\/11\/image.png\" alt=\"\" class=\"wp-image-7090\" srcset=\"https:\/\/romanistyka.wn.uw.edu.pl\/wp-content\/uploads\/2025\/11\/image.png 629w, https:\/\/romanistyka.wn.uw.edu.pl\/wp-content\/uploads\/2025\/11\/image-300x247.png 300w\" sizes=\"auto, (max-width: 629px) 100vw, 629px\" \/><\/figure>\n\n\n\n<p class=\"wp-block-paragraph\">Drogie osoby studiuj\u0105ce,<\/p>\n\n\n\n<p class=\"wp-block-paragraph\">17 grudnia, o godz. 17.00 organizowany jest Jarmark \u015awi\u0105teczny, podczas kt\u00f3rego wszystkie instytuty i katedry naszego Wydzia\u0142u Neofilologii&nbsp; mog\u0105 zaprezentowa\u0107 tradycje bo\u017conarodzeniowe konkretnej kultury. Bardzo cenne by\u0142oby wi\u0119c przygotowanie stoiska przybli\u017caj\u0105cego obyczaje bo\u017conarodzeniowe kraj\u00f3w Frankofonii.<\/p>\n\n\n\n<p class=\"wp-block-paragraph\">Zapraszam do zg\u0142aszania si\u0119 i przedstawiania propozycji plastycznych, muzycznych, kulinarnych lub jeszcze innych., kt\u00f3re mog\u0142yby przybli\u017cy\u0107 bogactwo \u015bwi\u0105tecznych tradycji francuskoj\u0119zycznego \u015bwiata. Do udzia\u0142u szczeg\u00f3lnie zach\u0119cam osoby studiuj\u0105ce na pierwszym roku, kt\u00f3re jeszcze nie mia\u0142y okazji uczestniczy\u0107 w tym wydarzeniu. To naprawd\u0119 znakomite do\u015bwiadczenie !!!<\/p>\n\n\n\n<p class=\"wp-block-paragraph\">Zg\u0142aszajcie propozycje do 1 grudnia, na adres&nbsp;<a href=\"mailto:a.janion@uw.edu.pl\" target=\"_blank\" rel=\"noreferrer noopener\">a.janion@uw.edu.pl<\/a><\/p>\n\n\n\n<p class=\"wp-block-paragraph\">Dodam jeszcze, \u017ce mamy do dyspozycji bud\u017cet, z kt\u00f3rego mo\u017cna pokry\u0107 koszty produkt\u00f3w potrzebnych do realizacji.<\/p>\n\n\n\n<p class=\"wp-block-paragraph\">Wst\u0119pny harmonogram:<\/p>\n\n\n\n<p class=\"wp-block-paragraph\">(do) 1 grudnia \u2013 nadsy\u0142anie zg\u0142osze\u0144<\/p>\n\n\n\n<p class=\"wp-block-paragraph\">5-6 grudnia spotkanie zdalne z osobami chc\u0105cymi wzi\u0105\u0107 udzia\u0142 w Jarmarku<\/p>\n\n\n\n<p class=\"wp-block-paragraph\">(do) 10 grudnia \u2013 przes\u0142anie listy produkt\u00f3w potrzebnych do przygotowania \u201eatrakcji\u201d<\/p>\n\n\n\n<p class=\"wp-block-paragraph\">W razie pyta\u0144, jestem do Waszej dyspozycji pod ww. adresem.<\/p>\n\n\n\n<p class=\"wp-block-paragraph\">Z serdecznymi pozdrowieniami,<br>Agnieszka Janion<\/p>\n","protected":false},"excerpt":{"rendered":"<p>Drogie osoby studiuj\u0105ce, 17 grudnia, o godz. 17.00 organizowany jest Jarmark \u015awi\u0105teczny, podczas kt\u00f3rego wszystkie instytuty i katedry naszego Wydzia\u0142u Neofilologii&nbsp; mog\u0105 zaprezentowa\u0107 tradycje bo\u017conarodzeniowe konkretnej kultury. Bardzo cenne by\u0142oby wi\u0119c przygotowanie stoiska przybli\u017caj\u0105cego obyczaje bo\u017conarodzeniowe kraj\u00f3w Frankofonii. Zapraszam do zg\u0142aszania si\u0119 i przedstawiania propozycji plastycznych, muzycznych, kulinarnych lub jeszcze innych., kt\u00f3re mog\u0142yby przybli\u017cy\u0107 bogactwo [&hellip;]<\/p>\n","protected":false},"author":13,"featured_media":0,"comment_status":"closed","ping_status":"open","sticky":false,"template":"","format":"standard","meta":{"footnotes":""},"categories":[8,6,7,37],"tags":[],"class_list":["post-7089","post","type-post","status-publish","format-standard","hentry","category-aktualnosci","category-ogloszenia-dla-pracownikow","category-ogloszenia-dla-studentow","category-ogloszenia-dla-studentow-fr"],"_links":{"self":[{"href":"https:\/\/romanistyka.wn.uw.edu.pl\/index.php\/wp-json\/wp\/v2\/posts\/7089","targetHints":{"allow":["GET"]}}],"collection":[{"href":"https:\/\/romanistyka.wn.uw.edu.pl\/index.php\/wp-json\/wp\/v2\/posts"}],"about":[{"href":"https:\/\/romanistyka.wn.uw.edu.pl\/index.php\/wp-json\/wp\/v2\/types\/post"}],"author":[{"embeddable":true,"href":"https:\/\/romanistyka.wn.uw.edu.pl\/index.php\/wp-json\/wp\/v2\/users\/13"}],"replies":[{"embeddable":true,"href":"https:\/\/romanistyka.wn.uw.edu.pl\/index.php\/wp-json\/wp\/v2\/comments?post=7089"}],"version-history":[{"count":1,"href":"https:\/\/romanistyka.wn.uw.edu.pl\/index.php\/wp-json\/wp\/v2\/posts\/7089\/revisions"}],"predecessor-version":[{"id":7091,"href":"https:\/\/romanistyka.wn.uw.edu.pl\/index.php\/wp-json\/wp\/v2\/posts\/7089\/revisions\/7091"}],"wp:attachment":[{"href":"https:\/\/romanistyka.wn.uw.edu.pl\/index.php\/wp-json\/wp\/v2\/media?parent=7089"}],"wp:term":[{"taxonomy":"category","embeddable":true,"href":"https:\/\/romanistyka.wn.uw.edu.pl\/index.php\/wp-json\/wp\/v2\/categories?post=7089"},{"taxonomy":"post_tag","embeddable":true,"href":"https:\/\/romanistyka.wn.uw.edu.pl\/index.php\/wp-json\/wp\/v2\/tags?post=7089"}],"curies":[{"name":"wp","href":"https:\/\/api.w.org\/{rel}","templated":true}]}}