{"id":7074,"date":"2025-11-18T16:34:27","date_gmt":"2025-11-18T16:34:27","guid":{"rendered":"https:\/\/romanistyka.wn.uw.edu.pl\/?p=7074"},"modified":"2025-11-18T16:34:27","modified_gmt":"2025-11-18T16:34:27","slug":"zaproszenie-na-spotkanie-2","status":"publish","type":"post","link":"https:\/\/romanistyka.wn.uw.edu.pl\/index.php\/2025\/11\/18\/zaproszenie-na-spotkanie-2\/","title":{"rendered":"Zaproszenie na spotkanie"},"content":{"rendered":"\n<p class=\"wp-block-paragraph\">Serdecznie zapraszamy na spotkanie po\u015bwi\u0119cone tw\u00f3rczo\u015bci Georgesa Pereca, kt\u00f3re odb\u0119dzie si\u0119 w \u015brod\u0119 19 listopada 2025 r. o godz. 19:00 w mediatece Instytutu Francuskiego w Warszawie przy ul. Widok 12. Podczas spotkanie, kt\u00f3re odb\u0119dzie si\u0119 z okazji nowego wydania ksi\u0105\u017cki&nbsp;<em>Rodzaje przestrzeni<\/em>, Pio Kali\u0144ski z wydawnictwa Lokator przeprowadzi rozmow\u0119 z Jean-Luc Joly, prezesem Stowarzyszenia Georges Perec.<\/p>\n\n\n\n<p class=\"wp-block-paragraph\">Rozmow\u0119 b\u0119dzie t\u0142umaczy\u0107 dr Anna Ciostek z Instytutu Romanistyki.<\/p>\n\n\n\n<h2 class=\"wp-block-heading\">Wi\u0119cej informacji:<\/h2>\n\n\n\n<p class=\"wp-block-paragraph\">\u00a0<a href=\"https:\/\/institutfrancais.pl\/fr\/culture\/evenements-8380\/georges-perec-rencontres-avec-jean-luc-joly\" target=\"_blank\" rel=\"noreferrer noopener\">https:\/\/institutfrancais.pl\/fr\/culture\/evenements-8380\/georges-perec-rencontres-avec-jean-luc-joly<\/a><\/p>\n\n\n\n<p class=\"wp-block-paragraph\"><\/p>\n","protected":false},"excerpt":{"rendered":"<p>Serdecznie zapraszamy na spotkanie po\u015bwi\u0119cone tw\u00f3rczo\u015bci Georgesa Pereca, kt\u00f3re odb\u0119dzie si\u0119 w \u015brod\u0119 19 listopada 2025 r. o godz. 19:00 w mediatece Instytutu Francuskiego w Warszawie przy ul. Widok 12. Podczas spotkanie, kt\u00f3re odb\u0119dzie si\u0119 z okazji nowego wydania ksi\u0105\u017cki&nbsp;Rodzaje przestrzeni, Pio Kali\u0144ski z wydawnictwa Lokator przeprowadzi rozmow\u0119 z Jean-Luc Joly, prezesem Stowarzyszenia Georges Perec. [&hellip;]<\/p>\n","protected":false},"author":3,"featured_media":7075,"comment_status":"closed","ping_status":"open","sticky":false,"template":"","format":"standard","meta":{"footnotes":""},"categories":[8],"tags":[],"class_list":["post-7074","post","type-post","status-publish","format-standard","has-post-thumbnail","hentry","category-aktualnosci"],"_links":{"self":[{"href":"https:\/\/romanistyka.wn.uw.edu.pl\/index.php\/wp-json\/wp\/v2\/posts\/7074","targetHints":{"allow":["GET"]}}],"collection":[{"href":"https:\/\/romanistyka.wn.uw.edu.pl\/index.php\/wp-json\/wp\/v2\/posts"}],"about":[{"href":"https:\/\/romanistyka.wn.uw.edu.pl\/index.php\/wp-json\/wp\/v2\/types\/post"}],"author":[{"embeddable":true,"href":"https:\/\/romanistyka.wn.uw.edu.pl\/index.php\/wp-json\/wp\/v2\/users\/3"}],"replies":[{"embeddable":true,"href":"https:\/\/romanistyka.wn.uw.edu.pl\/index.php\/wp-json\/wp\/v2\/comments?post=7074"}],"version-history":[{"count":1,"href":"https:\/\/romanistyka.wn.uw.edu.pl\/index.php\/wp-json\/wp\/v2\/posts\/7074\/revisions"}],"predecessor-version":[{"id":7076,"href":"https:\/\/romanistyka.wn.uw.edu.pl\/index.php\/wp-json\/wp\/v2\/posts\/7074\/revisions\/7076"}],"wp:featuredmedia":[{"embeddable":true,"href":"https:\/\/romanistyka.wn.uw.edu.pl\/index.php\/wp-json\/wp\/v2\/media\/7075"}],"wp:attachment":[{"href":"https:\/\/romanistyka.wn.uw.edu.pl\/index.php\/wp-json\/wp\/v2\/media?parent=7074"}],"wp:term":[{"taxonomy":"category","embeddable":true,"href":"https:\/\/romanistyka.wn.uw.edu.pl\/index.php\/wp-json\/wp\/v2\/categories?post=7074"},{"taxonomy":"post_tag","embeddable":true,"href":"https:\/\/romanistyka.wn.uw.edu.pl\/index.php\/wp-json\/wp\/v2\/tags?post=7074"}],"curies":[{"name":"wp","href":"https:\/\/api.w.org\/{rel}","templated":true}]}}