{"id":7068,"date":"2025-11-18T09:19:38","date_gmt":"2025-11-18T09:19:38","guid":{"rendered":"https:\/\/romanistyka.wn.uw.edu.pl\/?p=7068"},"modified":"2025-11-18T09:20:08","modified_gmt":"2025-11-18T09:20:08","slug":"program-konferencji-jezyk-konflikt-wykluczenie-27-28-listopada-2025","status":"publish","type":"post","link":"https:\/\/romanistyka.wn.uw.edu.pl\/index.php\/2025\/11\/18\/program-konferencji-jezyk-konflikt-wykluczenie-27-28-listopada-2025\/","title":{"rendered":"Program konferencji &#8222;J\u0119zyk &#8211; konflikt &#8211; wykluczenie&#8221; (27-28 listopada 2025)"},"content":{"rendered":"\n<p class=\"wp-block-paragraph\">W imieniu romanistyczego zespo\u0142u badawczego w sk\u0142adzie Patrycja Kruk, Anna Krupa, Olga Mackiewicz, Adam S\u0142upek (przewodnicz\u0105cy komitetu organizacyjnego) oraz mgr Aleksandra Szcz\u0119sna oraz mgr Cezarego W\u0119gli\u0144skiego i dr Magdaleny Grycan z rado\u015bci\u0105 przekazujemy Wam zaproszenie na Og\u00f3lnopolsk\u0105 Studencko-Doktoranck\u0105 Konferencj\u0119 Naukow\u0105 \u201eJ\u0119zyk-konflikt-wykluczenie\u201d, kt\u00f3ra odb\u0119dzie si\u0119 27 i 28 listopada na naszym Wydziale.<br><br>Program konferencji dost\u0119pny jest w linku poni\u017cej. Opr\u00f3cz 17 (!) paneli, w trakcie konferencji odb\u0119d\u0105 si\u0119 dwa bardzo ciekawe spotkania ze \u015bwietnymi Go\u015b\u0107mi.<br><br>Zapraszamy najserdeczniej! <br><\/p>\n\n\n\n<div class=\"wp-block-file has-link-color wp-elements-1\"><a id=\"wp-block-file--media-1284319b-7e3e-4bf6-be6a-f020f03f9540\" href=\"https:\/\/romanistyka.wn.uw.edu.pl\/wp-content\/uploads\/2025\/11\/Program-Konferencja-JKW-2025-3.pdf\">Program &#8211; Konferencja JKW 2025<\/a><a href=\"https:\/\/romanistyka.wn.uw.edu.pl\/wp-content\/uploads\/2025\/11\/Program-Konferencja-JKW-2025-3.pdf\" class=\"wp-block-file__button wp-element-button\" download aria-describedby=\"wp-block-file--media-1284319b-7e3e-4bf6-be6a-f020f03f9540\">Pobierz<\/a><\/div>\n\n\n\n<p class=\"wp-block-paragraph\"><\/p>\n","protected":false},"excerpt":{"rendered":"<p>W imieniu romanistyczego zespo\u0142u badawczego w sk\u0142adzie Patrycja Kruk, Anna Krupa, Olga Mackiewicz, Adam S\u0142upek (przewodnicz\u0105cy komitetu organizacyjnego) oraz mgr Aleksandra Szcz\u0119sna oraz mgr Cezarego W\u0119gli\u0144skiego i dr Magdaleny Grycan z rado\u015bci\u0105 przekazujemy Wam zaproszenie na Og\u00f3lnopolsk\u0105 Studencko-Doktoranck\u0105 Konferencj\u0119 Naukow\u0105 \u201eJ\u0119zyk-konflikt-wykluczenie\u201d, kt\u00f3ra odb\u0119dzie si\u0119 27 i 28 listopada na naszym Wydziale. Program konferencji dost\u0119pny jest [&hellip;]<\/p>\n","protected":false},"author":15,"featured_media":7055,"comment_status":"closed","ping_status":"open","sticky":false,"template":"","format":"standard","meta":{"footnotes":""},"categories":[8,9],"tags":[],"class_list":["post-7068","post","type-post","status-publish","format-standard","has-post-thumbnail","hentry","category-aktualnosci","category-wydarzenia"],"_links":{"self":[{"href":"https:\/\/romanistyka.wn.uw.edu.pl\/index.php\/wp-json\/wp\/v2\/posts\/7068","targetHints":{"allow":["GET"]}}],"collection":[{"href":"https:\/\/romanistyka.wn.uw.edu.pl\/index.php\/wp-json\/wp\/v2\/posts"}],"about":[{"href":"https:\/\/romanistyka.wn.uw.edu.pl\/index.php\/wp-json\/wp\/v2\/types\/post"}],"author":[{"embeddable":true,"href":"https:\/\/romanistyka.wn.uw.edu.pl\/index.php\/wp-json\/wp\/v2\/users\/15"}],"replies":[{"embeddable":true,"href":"https:\/\/romanistyka.wn.uw.edu.pl\/index.php\/wp-json\/wp\/v2\/comments?post=7068"}],"version-history":[{"count":2,"href":"https:\/\/romanistyka.wn.uw.edu.pl\/index.php\/wp-json\/wp\/v2\/posts\/7068\/revisions"}],"predecessor-version":[{"id":7070,"href":"https:\/\/romanistyka.wn.uw.edu.pl\/index.php\/wp-json\/wp\/v2\/posts\/7068\/revisions\/7070"}],"wp:featuredmedia":[{"embeddable":true,"href":"https:\/\/romanistyka.wn.uw.edu.pl\/index.php\/wp-json\/wp\/v2\/media\/7055"}],"wp:attachment":[{"href":"https:\/\/romanistyka.wn.uw.edu.pl\/index.php\/wp-json\/wp\/v2\/media?parent=7068"}],"wp:term":[{"taxonomy":"category","embeddable":true,"href":"https:\/\/romanistyka.wn.uw.edu.pl\/index.php\/wp-json\/wp\/v2\/categories?post=7068"},{"taxonomy":"post_tag","embeddable":true,"href":"https:\/\/romanistyka.wn.uw.edu.pl\/index.php\/wp-json\/wp\/v2\/tags?post=7068"}],"curies":[{"name":"wp","href":"https:\/\/api.w.org\/{rel}","templated":true}]}}