{"id":7044,"date":"2025-11-14T09:19:26","date_gmt":"2025-11-14T09:19:26","guid":{"rendered":"https:\/\/romanistyka.wn.uw.edu.pl\/?p=7044"},"modified":"2025-11-14T09:19:26","modified_gmt":"2025-11-14T09:19:26","slug":"ii-nabor-do-projektu-uczelnie-przyszlosci","status":"publish","type":"post","link":"https:\/\/romanistyka.wn.uw.edu.pl\/index.php\/2025\/11\/14\/ii-nabor-do-projektu-uczelnie-przyszlosci\/","title":{"rendered":"II nab\u00f3r do projektu &#8222;Uczelnie Przysz\u0142o\u015bci&#8221;"},"content":{"rendered":"<div>Szanowni Pa\u0144stwo,<\/div>\n<div>\u00a0<\/div>\n<div>w imieniu Rektora Macieja Rasia w za\u0142\u0105czeniu przekazuj\u0119 pismo Rektora ws. uruchomienia II naboru os\u00f3b studiuj\u0105cych do projektu &#8222;Uczelnie Przysz\u0142o\u015bci&#8221; wraz z propozycj\u0105 komunikatu oraz grafiki na social media oraz strony internetowe Pa\u0144stwa jednostek na temat rekrutacji.<\/div>\n<div>\u00a0<\/div>\n<div>W projekcie mo\u017cna uczestniczy\u0107 indywidualnie lub w ramach maksymalnie 3-osobowego zespo\u0142u. W celu wzi\u0119cia udzia\u0142u w rekrutacji do projektu nale\u017cy\u00a0<b>do 15 grudnia 2025 roku<\/b>\u00a0wys\u0142a\u0107 wype\u0142niony\u00a0<b>formularz zg\u0142oszeniowy<\/b>\u00a0dost\u0119pny pod adresem:\u00a0<\/div>\n<div>1) dla lidera zespo\u0142u lub osoby uczestnicz\u0105cej indywidualnie:\u00a0<a href=\"https:\/\/forms.gle\/fC4hTmdW6Ze7Urmh6\" target=\"_blank\" rel=\"noopener noreferrer\" data-saferedirecturl=\"https:\/\/www.google.com\/url?q=https:\/\/forms.gle\/fC4hTmdW6Ze7Urmh6&amp;source=gmail&amp;ust=1763192302713000&amp;usg=AOvVaw1MYG1ne03gDcQv1-h4JFjd\">https:\/\/forms.gle\/<wbr \/>fC4hTmdW6Ze7Urmh6<\/a>\u00a0<\/div>\n<div>2) dla cz\u0142onka zespo\u0142u:\u00a0<a href=\"https:\/\/forms.gle\/ZB7NesZH77i9AsPv5\" target=\"_blank\" rel=\"noopener noreferrer\" data-saferedirecturl=\"https:\/\/www.google.com\/url?q=https:\/\/forms.gle\/ZB7NesZH77i9AsPv5&amp;source=gmail&amp;ust=1763192302713000&amp;usg=AOvVaw191ZzPuC7YLLcAoLuBERAe\">https:\/\/forms.gle\/<wbr \/>ZB7NesZH77i9AsPv5<\/a><\/div>\n<div>\u00a0<\/div>\n<div>Szczeg\u00f3\u0142owe informacje o projekcie znajduj\u0105 si\u0119 na stronie:\u00a0<a href=\"https:\/\/bid.uw.edu.pl\/uczelnie-przyszlosci\/\" target=\"_blank\" rel=\"noopener noreferrer\" data-saferedirecturl=\"https:\/\/www.google.com\/url?q=https:\/\/bid.uw.edu.pl\/uczelnie-przyszlosci\/&amp;source=gmail&amp;ust=1763192302713000&amp;usg=AOvVaw3RoNcMn5n_7nBfTv0G7slM\">https:\/\/bid.uw.edu.<wbr \/>pl\/uczelnie-przyszlosci\/<\/a><\/div>\n\n\n<div class=\"wp-block-file\"><a id=\"wp-block-file--media-2b7a6a89-8975-4302-95c9-d537cfe4a223\" href=\"https:\/\/romanistyka.wn.uw.edu.pl\/wp-content\/uploads\/2025\/11\/II-nabor_Uczelnie-Przyszlosci_Propozycje-wpisow-na-SM-dla-jednostek.docx\">II nab\u00f3r_Uczelnie Przysz\u0142o\u015bci_Propozycje wpis\u00f3w na SM dla jednostek<\/a><a href=\"https:\/\/romanistyka.wn.uw.edu.pl\/wp-content\/uploads\/2025\/11\/II-nabor_Uczelnie-Przyszlosci_Propozycje-wpisow-na-SM-dla-jednostek.docx\" class=\"wp-block-file__button wp-element-button\" download aria-describedby=\"wp-block-file--media-2b7a6a89-8975-4302-95c9-d537cfe4a223\">Pobierz<\/a><\/div>\n\n\n\n<div class=\"wp-block-file\"><a id=\"wp-block-file--media-02764bd8-055b-4c0a-a210-6a15b7d9b6c7\" href=\"https:\/\/romanistyka.wn.uw.edu.pl\/wp-content\/uploads\/2025\/11\/Start-rekrutacji-scaled.jpg\">Start rekrutacji<\/a><a href=\"https:\/\/romanistyka.wn.uw.edu.pl\/wp-content\/uploads\/2025\/11\/Start-rekrutacji-scaled.jpg\" class=\"wp-block-file__button wp-element-button\" download aria-describedby=\"wp-block-file--media-02764bd8-055b-4c0a-a210-6a15b7d9b6c7\">Pobierz<\/a><\/div>\n\n\n\n<div data-wp-interactive=\"core\/file\" class=\"wp-block-file\"><object data-wp-bind--hidden=\"!state.hasPdfPreview\" hidden class=\"wp-block-file__embed\" data=\"https:\/\/romanistyka.wn.uw.edu.pl\/wp-content\/uploads\/2025\/11\/Pismo_Uczelnie-Przyszlosci_II-rekrutacja.pdf\" type=\"application\/pdf\" style=\"width:100%;height:600px\" aria-label=\"Osadzone z Pismo_Uczelnie Przysz\u0142o\u015bci_II rekrutacja.\"><\/object><a id=\"wp-block-file--media-5f9f731b-bed9-49bf-b9cb-0fbfaa943e38\" href=\"https:\/\/romanistyka.wn.uw.edu.pl\/wp-content\/uploads\/2025\/11\/Pismo_Uczelnie-Przyszlosci_II-rekrutacja.pdf\">Pismo_Uczelnie Przysz\u0142o\u015bci_II rekrutacja<\/a><a href=\"https:\/\/romanistyka.wn.uw.edu.pl\/wp-content\/uploads\/2025\/11\/Pismo_Uczelnie-Przyszlosci_II-rekrutacja.pdf\" class=\"wp-block-file__button wp-element-button\" download aria-describedby=\"wp-block-file--media-5f9f731b-bed9-49bf-b9cb-0fbfaa943e38\">Pobierz<\/a><\/div>\n","protected":false},"excerpt":{"rendered":"<p>Szanowni Pa\u0144stwo, \u00a0 w imieniu Rektora Macieja Rasia w za\u0142\u0105czeniu przekazuj\u0119 pismo Rektora ws. uruchomienia II naboru os\u00f3b studiuj\u0105cych do projektu &#8222;Uczelnie Przysz\u0142o\u015bci&#8221; wraz z propozycj\u0105 komunikatu oraz grafiki na social media oraz strony internetowe Pa\u0144stwa jednostek na temat rekrutacji. \u00a0 W projekcie mo\u017cna uczestniczy\u0107 indywidualnie lub w ramach maksymalnie 3-osobowego zespo\u0142u. W celu wzi\u0119cia [&hellip;]<\/p>\n","protected":false},"author":13,"featured_media":0,"comment_status":"closed","ping_status":"open","sticky":false,"template":"","format":"standard","meta":{"footnotes":""},"categories":[8,6,7,37],"tags":[],"class_list":["post-7044","post","type-post","status-publish","format-standard","hentry","category-aktualnosci","category-ogloszenia-dla-pracownikow","category-ogloszenia-dla-studentow","category-ogloszenia-dla-studentow-fr"],"_links":{"self":[{"href":"https:\/\/romanistyka.wn.uw.edu.pl\/index.php\/wp-json\/wp\/v2\/posts\/7044","targetHints":{"allow":["GET"]}}],"collection":[{"href":"https:\/\/romanistyka.wn.uw.edu.pl\/index.php\/wp-json\/wp\/v2\/posts"}],"about":[{"href":"https:\/\/romanistyka.wn.uw.edu.pl\/index.php\/wp-json\/wp\/v2\/types\/post"}],"author":[{"embeddable":true,"href":"https:\/\/romanistyka.wn.uw.edu.pl\/index.php\/wp-json\/wp\/v2\/users\/13"}],"replies":[{"embeddable":true,"href":"https:\/\/romanistyka.wn.uw.edu.pl\/index.php\/wp-json\/wp\/v2\/comments?post=7044"}],"version-history":[{"count":1,"href":"https:\/\/romanistyka.wn.uw.edu.pl\/index.php\/wp-json\/wp\/v2\/posts\/7044\/revisions"}],"predecessor-version":[{"id":7048,"href":"https:\/\/romanistyka.wn.uw.edu.pl\/index.php\/wp-json\/wp\/v2\/posts\/7044\/revisions\/7048"}],"wp:attachment":[{"href":"https:\/\/romanistyka.wn.uw.edu.pl\/index.php\/wp-json\/wp\/v2\/media?parent=7044"}],"wp:term":[{"taxonomy":"category","embeddable":true,"href":"https:\/\/romanistyka.wn.uw.edu.pl\/index.php\/wp-json\/wp\/v2\/categories?post=7044"},{"taxonomy":"post_tag","embeddable":true,"href":"https:\/\/romanistyka.wn.uw.edu.pl\/index.php\/wp-json\/wp\/v2\/tags?post=7044"}],"curies":[{"name":"wp","href":"https:\/\/api.w.org\/{rel}","templated":true}]}}