{"id":6858,"date":"2025-10-09T07:07:38","date_gmt":"2025-10-09T07:07:38","guid":{"rendered":"https:\/\/romanistyka.wn.uw.edu.pl\/?p=6858"},"modified":"2025-10-09T07:07:38","modified_gmt":"2025-10-09T07:07:38","slug":"zmiany-w-planie-zajec-zamiana-sal","status":"publish","type":"post","link":"https:\/\/romanistyka.wn.uw.edu.pl\/index.php\/2025\/10\/09\/zmiany-w-planie-zajec-zamiana-sal\/","title":{"rendered":"Zmiany w planie zaj\u0119\u0107 &#8211; zamiana sal"},"content":{"rendered":"<p>Szanowni Pa\u0144stwo,<\/p>\n<p>wprowadzono nast\u0119puj\u0105ce zmiany w Usosie:<\/p>\n<div>Gramatyka opisowa j\u0119zyka francuskiego IIz (\u015broda o godz. 9:45) &#8211; odbywa\u0107 si\u0119 b\u0119dzie w sali 3.024<\/div>\n<div>PNJF Wypowied\u017a ustna i pisemna IIz (\u015broda o godz. 11:30) &#8211; odbywa\u0107 si\u0119 b\u0119dzie w sali 3.024<\/div>\n<div>Fonetyka j\u0119zyka francuskiego gr. 4 (\u015broda o godz. 13:5) &#8211; odbywa\u0107 si\u0119 b\u0119dzie w sali 3.024<\/div>\n<div>\u00a0<\/div>\n<div>\n<div>Edukacja j\u0119zykowa w XXI wieku gr. 3 (\u015broda o godz. 11:30) &#8211; odbywa\u0107 si\u0119 b\u0119dzie w sali 3.014<\/div>\n<div>Metodologia bada\u0144 w glottodydaktyce (\u015broda o godz. 13:15) &#8211; odbywa\u0107 si\u0119 b\u0119dzie w sali 3.014<\/div>\n<div>\u00a0<\/div>\n<div>Konwersatorium Literaturoznawcze IIz\/IIIz + p: Koniec XIX w. w literaturze francuskiej &#8211; tematy i formy (wtorek\u00a0 o godz. 11:30) &#8211; odbywa\u0107 si\u0119 b\u0119dzie w sali 1.217<\/div>\n<div>\u00a0<\/div>\n<div>Z wyrazami szacunku,<\/div>\n<div>Sekretariat IR<\/div>\n<\/div>\n\n\n<p class=\"wp-block-paragraph\"><\/p>\n","protected":false},"excerpt":{"rendered":"<p>Szanowni Pa\u0144stwo, wprowadzono nast\u0119puj\u0105ce zmiany w Usosie: Gramatyka opisowa j\u0119zyka francuskiego IIz (\u015broda o godz. 9:45) &#8211; odbywa\u0107 si\u0119 b\u0119dzie w sali 3.024 PNJF Wypowied\u017a ustna i pisemna IIz (\u015broda o godz. 11:30) &#8211; odbywa\u0107 si\u0119 b\u0119dzie w sali 3.024 Fonetyka j\u0119zyka francuskiego gr. 4 (\u015broda o godz. 13:5) &#8211; odbywa\u0107 si\u0119 b\u0119dzie w sali [&hellip;]<\/p>\n","protected":false},"author":13,"featured_media":0,"comment_status":"closed","ping_status":"open","sticky":false,"template":"","format":"standard","meta":{"footnotes":""},"categories":[8,6,7,37],"tags":[],"class_list":["post-6858","post","type-post","status-publish","format-standard","hentry","category-aktualnosci","category-ogloszenia-dla-pracownikow","category-ogloszenia-dla-studentow","category-ogloszenia-dla-studentow-fr"],"_links":{"self":[{"href":"https:\/\/romanistyka.wn.uw.edu.pl\/index.php\/wp-json\/wp\/v2\/posts\/6858","targetHints":{"allow":["GET"]}}],"collection":[{"href":"https:\/\/romanistyka.wn.uw.edu.pl\/index.php\/wp-json\/wp\/v2\/posts"}],"about":[{"href":"https:\/\/romanistyka.wn.uw.edu.pl\/index.php\/wp-json\/wp\/v2\/types\/post"}],"author":[{"embeddable":true,"href":"https:\/\/romanistyka.wn.uw.edu.pl\/index.php\/wp-json\/wp\/v2\/users\/13"}],"replies":[{"embeddable":true,"href":"https:\/\/romanistyka.wn.uw.edu.pl\/index.php\/wp-json\/wp\/v2\/comments?post=6858"}],"version-history":[{"count":1,"href":"https:\/\/romanistyka.wn.uw.edu.pl\/index.php\/wp-json\/wp\/v2\/posts\/6858\/revisions"}],"predecessor-version":[{"id":6859,"href":"https:\/\/romanistyka.wn.uw.edu.pl\/index.php\/wp-json\/wp\/v2\/posts\/6858\/revisions\/6859"}],"wp:attachment":[{"href":"https:\/\/romanistyka.wn.uw.edu.pl\/index.php\/wp-json\/wp\/v2\/media?parent=6858"}],"wp:term":[{"taxonomy":"category","embeddable":true,"href":"https:\/\/romanistyka.wn.uw.edu.pl\/index.php\/wp-json\/wp\/v2\/categories?post=6858"},{"taxonomy":"post_tag","embeddable":true,"href":"https:\/\/romanistyka.wn.uw.edu.pl\/index.php\/wp-json\/wp\/v2\/tags?post=6858"}],"curies":[{"name":"wp","href":"https:\/\/api.w.org\/{rel}","templated":true}]}}