{"id":6789,"date":"2025-10-02T12:25:54","date_gmt":"2025-10-02T12:25:54","guid":{"rendered":"https:\/\/romanistyka.wn.uw.edu.pl\/?p=6789"},"modified":"2025-10-03T11:25:44","modified_gmt":"2025-10-03T11:25:44","slug":"godziny-dyzurow-semestr-zimowy-2025-2026","status":"publish","type":"post","link":"https:\/\/romanistyka.wn.uw.edu.pl\/index.php\/2025\/10\/02\/godziny-dyzurow-semestr-zimowy-2025-2026\/","title":{"rendered":"Godziny dy\u017cur\u00f3w Semestr Zimowy 2025\/2026"},"content":{"rendered":"\n<div class=\"wp-block-file has-link-color wp-elements-1\"><a id=\"wp-block-file--media-cae36d32-0003-4328-b960-3ee2cc1c8648\" href=\"https:\/\/romanistyka.wn.uw.edu.pl\/wp-content\/uploads\/2025\/10\/Godziny-dyzurow-Semestr-Zimowy-2025_2026.pdf\">Godziny dy\u017cur\u00f3w Semestr Zimowy 2025_2026<\/a><a href=\"https:\/\/romanistyka.wn.uw.edu.pl\/wp-content\/uploads\/2025\/10\/Godziny-dyzurow-Semestr-Zimowy-2025_2026.pdf\" class=\"wp-block-file__button wp-element-button\" download aria-describedby=\"wp-block-file--media-cae36d32-0003-4328-b960-3ee2cc1c8648\">Pobierz<\/a><\/div>\n\n\n\n<figure style=\"padding-top:var(--wp--preset--spacing--40);padding-bottom:var(--wp--preset--spacing--40)\" class=\"wp-block-table\"><table class=\"has-fixed-layout\"><tbody><tr><td><strong>PRACOWNIK<\/strong><strong><\/strong><\/td><td><strong>GODZINY DY\u017bURU<\/strong><\/td><td><strong>MIEJSCE DY\u017bURU (ONLINE \/ STACJONARNIE)<\/strong><\/td><\/tr><tr><td><a href=\"http:\/\/romanistyka.wn.uw.edu.pl\/index.php\/pracownicy\/ciostek-anna\/\">Anna Ciostek<\/a><\/td><td>&nbsp;<\/td><td>&nbsp;<\/td><\/tr><tr><td><a href=\"http:\/\/romanistyka.wn.uw.edu.pl\/index.php\/pracownicy\/agnieszka-dryjanska\/\">Agnieszka Dryja\u0144ska<\/a><\/td><td>&nbsp;<\/td><td>&nbsp;<\/td><\/tr><tr><td><a href=\"http:\/\/romanistyka.wn.uw.edu.pl\/index.php\/pracownicy\/fijalkowska-wanda\/\">Wanda Fija\u0142kowska<\/a><\/td><td>Czwartki 9:30-1030 na \u017cywo oraz online po um\u00f3wieniu si\u0119 najp\u00f3\u017aniej dzie\u0144 wcze\u015bniej.<\/td><td>gab.3.419<\/td><\/tr><tr><td><a href=\"http:\/\/romanistyka.wn.uw.edu.pl\/index.php\/pracownicy\/grycan-magdalena\/\">Magdalena Grycan<\/a><\/td><td>&nbsp;<\/td><td>&nbsp;<\/td><\/tr><tr><td><a href=\"http:\/\/romanistyka.wn.uw.edu.pl\/index.php\/pracownicy\/izert-malgorzata\/\">Ma\u0142gorzata Izert<\/a><\/td><td>czwartki, 13:15-14:15 stacjonarnie lub zdalnie w innym terminie po wcze\u015bniejszym um\u00f3wieniu si\u0119 mailowym<\/td><td>p. 3.419<\/td><\/tr><tr><td><a href=\"http:\/\/romanistyka.wn.uw.edu.pl\/index.php\/pracownicy\/janion-agnieszka\/\">Agnieszka Janion<\/a><\/td><td>wtorki, 10.00 &#8211; 11.00 stacjonarnie lub zdalnie w innym terminie po wcze\u015bniejszym um\u00f3wieniu si\u0119 mailowym<\/td><td>p. 3419<\/td><\/tr><tr><td><a href=\"https:\/\/romanistyka.wn.uw.edu.pl\/index.php\/pracownicy\/alicja-jaworska-kaska\/\">Alicja Jaworska-Kaska<\/a><\/td><td>poniedzia\u0142ki, godz. 8.30- 9.30<\/td><td>p. 3.419<\/td><\/tr><tr><td><a href=\"http:\/\/romanistyka.wn.uw.edu.pl\/index.php\/pracownicy\/kieliszczyk-anna\/\">Anna Kieliszczyk<\/a><\/td><td>czwartki godz.15-16 stacjonarnie lub zdalnie w innym terminie po wcze\u015bniejszym um\u00f3wieniu si\u0119<\/td><td>p.3.419<\/td><\/tr><tr><td><a href=\"http:\/\/romanistyka.wn.uw.edu.pl\/index.php\/pracownicy\/klik-marcin\/\">Marcin Klik<\/a><\/td><td>&nbsp;<\/td><td>&nbsp;<\/td><\/tr><tr><td><a href=\"http:\/\/romanistyka.wn.uw.edu.pl\/index.php\/pracownicy\/kostro-monika\/\">Monika Kostro<\/a><\/td><td>wto\u00edki, 10:00-11:00 stacjona\u00ednie lub zdalnie w innym te\u00edminie po wcze\u015bniejszym um\u00f3wieniu si\u015f<\/td><td>p. 3.419<\/td><\/tr><tr><td><a href=\"http:\/\/romanistyka.wn.uw.edu.pl\/index.php\/pracownicy\/krawczyk-dariusz\/\">Dariusz Krawczyk<\/a><\/td><td>&nbsp;<\/td><td>&nbsp;<\/td><\/tr><tr><td><a href=\"http:\/\/romanistyka.wn.uw.edu.pl\/index.php\/pracownicy\/kroker-wieslaw\/\">Wies\u0142aw Kroker<\/a><\/td><td>&nbsp;<\/td><td>&nbsp;<\/td><\/tr><tr><td><a href=\"http:\/\/romanistyka.wn.uw.edu.pl\/index.php\/pracownicy\/kucharczyk-radoslaw\/\">Rados\u0142aw Kucharczyk<\/a><\/td><td>&nbsp;<\/td><td>&nbsp;<\/td><\/tr><\/tbody><\/table><\/figure>\n\n\n\n<figure class=\"wp-block-table\"><table class=\"has-fixed-layout\"><tbody><tr><td><a href=\"http:\/\/romanistyka.wn.uw.edu.pl\/index.php\/pracownicy\/kulesza-monika\/\">Monika Kulesza<\/a><\/td><td>urlop naukowy<\/td><td>&#8211;<\/td><\/tr><tr><td><a href=\"http:\/\/romanistyka.wn.uw.edu.pl\/index.php\/pracownicy\/malinowska-monika\/\">Monika Malinowska<\/a><\/td><td>wtorki, 11:20-12:20<\/td><td>stacjonarnie, gabinet 3.414<\/td><\/tr><tr><td><a href=\"http:\/\/romanistyka.wn.uw.edu.pl\/index.php\/pracownicy\/molska-malgorzata\/\">Ma\u0142gorzata Molska<\/a><\/td><td>\u015broda 13h15-14h15<\/td><td>stacjonarnie, 3.410 zapisy w tabeli : <a href=\"https:\/\/docs.google.com\/document\/d\/13fQ8EPhsXnmvSqsd4MzeF1H9Opu9pjgnJe2x0hFXLFo\/edit?usp=sharing\">https:\/\/docs.google.com\/document\/d\/13<\/a> <a href=\"https:\/\/docs.google.com\/document\/d\/13fQ8EPhsXnmvSqsd4MzeF1H9Opu9pjgnJe2x0hFXLFo\/edit?usp=sharing\">fQ8EPhsXnmvSqsd4MzeF1H9Opu9pj<\/a> <a href=\"https:\/\/docs.google.com\/document\/d\/13fQ8EPhsXnmvSqsd4MzeF1H9Opu9pjgnJe2x0hFXLFo\/edit?usp=sharing\">gnJe2x0hFXLFo\/edit?usp=sharing<\/a><\/td><\/tr><tr><td><a href=\"http:\/\/romanistyka.wn.uw.edu.pl\/index.php\/pracownicy\/obszynski-michal\/\">Micha\u0142 Obszy\u0144ski<\/a><\/td><td>wtorek, 11.30-12.30<\/td><td>stacjonarnie, 2.415 lub online po wcze\u015bniejszym um\u00f3wieniu<\/td><\/tr><tr><td><a href=\"http:\/\/romanistyka.wn.uw.edu.pl\/index.php\/pracownicy\/opiela-mrozik-anna\/\">Anna Opiela-Mrozik<\/a><\/td><td>\u015broda 14.00-15.00<\/td><td>stacjonarnie, 3,414 lub online w innym terminie po wcze\u015bniejszym um\u00f3wieniu<\/td><\/tr><tr><td><a href=\"http:\/\/romanistyka.wn.uw.edu.pl\/index.php\/pracownicy\/pachocinska-elzbieta\/\">El\u017cbieta Pachoci\u0144ska<\/a><\/td><td>poniedzia\u0142ki, 14 -15 stacjonarnie lub zdalnie w innym terminie po wcze\u015bniejszym um\u00f3wieniu si\u0119 mailowym (Zoom).<\/td><td>stacjonarnie, gab. 3.419<\/td><\/tr><tr><td><a href=\"http:\/\/romanistyka.wn.uw.edu.pl\/index.php\/pracownicy\/padzik-dorota\/\">Dorota Padzik<\/a><\/td><td>pi\u0105tki 11:30-12:30 (po wcze\u015bniejszym um\u00f3wieniu)<\/td><td>gabinet 3.410<\/td><\/tr><tr><td><a href=\"http:\/\/romanistyka.wn.uw.edu.pl\/index.php\/pracownicy\/pilecka-ewa\/\">Ewa Pilecka<\/a><\/td><td>&nbsp;<\/td><td>&nbsp;<\/td><\/tr><tr><td><a href=\"http:\/\/romanistyka.wn.uw.edu.pl\/index.php\/pracownicy\/peeters-pascale\/\">Pascale Peeters<\/a><\/td><td>&nbsp;<\/td><td>&nbsp;<\/td><\/tr><tr><td><a href=\"http:\/\/romanistyka.wn.uw.edu.pl\/index.php\/pracownicy\/popowicz-kamil\/\">Kamil Popowicz<\/a><\/td><td>czwartki 15.00-16.00<\/td><td>gabinet 3.414<\/td><\/tr><tr><td>Maria Prandota<\/td><td>czwartek, 13.30-14.30 (po uprzednim um\u00f3wieniu)<\/td><td>3.410<\/td><\/tr><tr><td><a href=\"http:\/\/romanistyka.wn.uw.edu.pl\/index.php\/pracownicy\/dryjanska-agnieszka\/\">Sara Del Rossi<\/a><\/td><td>czwartki, 13:30-14:30<\/td><td>2.011 lub online po wcze\u015bniejszym uzgodnieniu<\/td><\/tr><tr><td><a href=\"http:\/\/romanistyka.wn.uw.edu.pl\/index.php\/pracownicy\/lucas-paul-skurczynski\/\">Lucas Skurczy\u0144ski<\/a><\/td><td>mardi 10 h &#8211; 11 h sur R.D.V.<\/td><td>3.410 ou Zoom<\/td><\/tr><tr><td><a href=\"http:\/\/romanistyka.wn.uw.edu.pl\/index.php\/pracownicy\/smuk-maciej\/\">Maciej Smuk<\/a><\/td><td>pi\u0105tki 14.00 &#8211; 15.00<\/td><td>3410, stacjonarnie<\/td><\/tr><tr><td><a href=\"http:\/\/romanistyka.wn.uw.edu.pl\/index.php\/pracownicy\/sobczyk-agata\/\">Agata Sobczyk<\/a><\/td><td>&nbsp;<\/td><td>&nbsp;<\/td><\/tr><tr><td><a href=\"http:\/\/romanistyka.wn.uw.edu.pl\/index.php\/pracownicy\/sokolowicz-malgorzata\/\">Ma\u0142gorzata Soko\u0142owicz<\/a><\/td><td>czwartki, 17-18<\/td><td>online, prosz\u0119 o kontakt w celu otrzymania linku<\/td><\/tr><tr><td><a href=\"http:\/\/romanistyka.wn.uw.edu.pl\/index.php\/pracownicy\/sujecka-zajac-jolanta\/\">Jolanta Sujecka-Zaj\u0105c<\/a><\/td><td>\u015brody, 10-11<\/td><td>3410, stacjonarnie<\/td><\/tr><tr><td><a href=\"http:\/\/romanistyka.wn.uw.edu.pl\/index.php\/pracownicy\/szeliga-dorota\/\">Dorota Szeliga<\/a><\/td><td>urlop naukowy<\/td><td>&nbsp;<\/td><\/tr><tr><td><a href=\"http:\/\/romanistyka.wn.uw.edu.pl\/index.php\/pracownicy\/szymankiewicz-krystyna\/\">Krystyna<\/a><\/td><td>poniedzia\u0142ki, 13:30-14:30<\/td><td>s.3.410 \/ online (prosz\u0119 o kontakt w<\/td><\/tr><\/tbody><\/table><\/figure>\n\n\n\n<figure class=\"wp-block-table\"><table class=\"has-fixed-layout\"><tbody><tr><td><a href=\"http:\/\/romanistyka.wn.uw.edu.pl\/index.php\/pracownicy\/szymankiewicz-krystyna\/\">Szymankiewicz<\/a><\/td><td>(po uprzednim um\u00f3wieniu) lub zdalnie<\/td><td>celu otrzymania linku)<\/td><\/tr><tr><td><a href=\"http:\/\/romanistyka.wn.uw.edu.pl\/index.php\/pracownicy\/alessia-vignoli\/\">Alessia Vignoli<\/a><\/td><td>wtorki, 13:30 &#8211; 14:30<\/td><td>2.011<\/td><\/tr><tr><td><a href=\"http:\/\/romanistyka.wn.uw.edu.pl\/index.php\/pracownicy\/wawrzonek-karolina\/\">Karolina Wawrzonek<\/a><\/td><td>wtorek 12.00-13.00 \u015broda 10.00-11.00 czwartek 12.00-13.00<\/td><td>s.2415 lub zoom po wcze\u015bniejszym um\u00f3wieniu<\/td><\/tr><tr><td><a href=\"https:\/\/romanistyka.wn.uw.edu.pl\/index.php\/cezary-weglinski\/\">Cezary W\u0119gli\u0144ski<\/a><\/td><td>wtorki 14-15:00<\/td><td>3.419<\/td><\/tr><tr><td><a href=\"http:\/\/romanistyka.wn.uw.edu.pl\/index.php\/pracownicy\/wojakowska-marta\/\">Marta Wojakowska<\/a><\/td><td>wtorki, 10-11<\/td><td>online, prosz\u0119 o kontakt w celu otrzymania linku<\/td><\/tr><tr><td><a href=\"http:\/\/romanistyka.wn.uw.edu.pl\/index.php\/pracownicy\/zaleska-krystyna\/\">Krystyna Zaleska<\/a><\/td><td>pi\u0105tek 11.30 (po uprzednim um\u00f3wieniu) lub zdalnie<\/td><td>s. 3410<\/td><\/tr><tr><td><a href=\"http:\/\/romanistyka.wn.uw.edu.pl\/index.php\/pracownicy\/zatorska-izabella\/\">Izabella Zatorska<\/a><\/td><td>czwartek 17-18 (sur rdv) lub zdalnie<\/td><td>gabinet \u201cliterat\u00f3w\u201d<\/td><\/tr><tr><td><a href=\"http:\/\/romanistyka.wn.uw.edu.pl\/index.php\/pracownicy\/zbierska-moscicka-judyta\/\">Judyta Zbierska-<\/a> <a href=\"http:\/\/romanistyka.wn.uw.edu.pl\/index.php\/pracownicy\/zbierska-moscicka-judyta\/\">Mo\u015bcicka<\/a><\/td><td>&nbsp;<\/td><td>&nbsp;<\/td><\/tr><\/tbody><\/table><\/figure>\n","protected":false},"excerpt":{"rendered":"<p>PRACOWNIK GODZINY DY\u017bURU MIEJSCE DY\u017bURU (ONLINE \/ STACJONARNIE) Anna Ciostek &nbsp; &nbsp; Agnieszka Dryja\u0144ska &nbsp; &nbsp; Wanda Fija\u0142kowska Czwartki 9:30-1030 na \u017cywo oraz online po um\u00f3wieniu si\u0119 najp\u00f3\u017aniej dzie\u0144 wcze\u015bniej. gab.3.419 Magdalena Grycan &nbsp; &nbsp; Ma\u0142gorzata Izert czwartki, 13:15-14:15 stacjonarnie lub zdalnie w innym terminie po wcze\u015bniejszym um\u00f3wieniu si\u0119 mailowym p. 3.419 Agnieszka Janion wtorki, [&hellip;]<\/p>\n","protected":false},"author":14,"featured_media":5804,"comment_status":"closed","ping_status":"open","sticky":false,"template":"","format":"standard","meta":{"footnotes":""},"categories":[8,6,7,37],"tags":[],"class_list":["post-6789","post","type-post","status-publish","format-standard","has-post-thumbnail","hentry","category-aktualnosci","category-ogloszenia-dla-pracownikow","category-ogloszenia-dla-studentow","category-ogloszenia-dla-studentow-fr"],"_links":{"self":[{"href":"https:\/\/romanistyka.wn.uw.edu.pl\/index.php\/wp-json\/wp\/v2\/posts\/6789","targetHints":{"allow":["GET"]}}],"collection":[{"href":"https:\/\/romanistyka.wn.uw.edu.pl\/index.php\/wp-json\/wp\/v2\/posts"}],"about":[{"href":"https:\/\/romanistyka.wn.uw.edu.pl\/index.php\/wp-json\/wp\/v2\/types\/post"}],"author":[{"embeddable":true,"href":"https:\/\/romanistyka.wn.uw.edu.pl\/index.php\/wp-json\/wp\/v2\/users\/14"}],"replies":[{"embeddable":true,"href":"https:\/\/romanistyka.wn.uw.edu.pl\/index.php\/wp-json\/wp\/v2\/comments?post=6789"}],"version-history":[{"count":3,"href":"https:\/\/romanistyka.wn.uw.edu.pl\/index.php\/wp-json\/wp\/v2\/posts\/6789\/revisions"}],"predecessor-version":[{"id":6814,"href":"https:\/\/romanistyka.wn.uw.edu.pl\/index.php\/wp-json\/wp\/v2\/posts\/6789\/revisions\/6814"}],"wp:featuredmedia":[{"embeddable":true,"href":"https:\/\/romanistyka.wn.uw.edu.pl\/index.php\/wp-json\/wp\/v2\/media\/5804"}],"wp:attachment":[{"href":"https:\/\/romanistyka.wn.uw.edu.pl\/index.php\/wp-json\/wp\/v2\/media?parent=6789"}],"wp:term":[{"taxonomy":"category","embeddable":true,"href":"https:\/\/romanistyka.wn.uw.edu.pl\/index.php\/wp-json\/wp\/v2\/categories?post=6789"},{"taxonomy":"post_tag","embeddable":true,"href":"https:\/\/romanistyka.wn.uw.edu.pl\/index.php\/wp-json\/wp\/v2\/tags?post=6789"}],"curies":[{"name":"wp","href":"https:\/\/api.w.org\/{rel}","templated":true}]}}