{"id":6768,"date":"2025-09-30T13:33:48","date_gmt":"2025-09-30T13:33:48","guid":{"rendered":"https:\/\/romanistyka.wn.uw.edu.pl\/?p=6768"},"modified":"2025-09-30T13:35:56","modified_gmt":"2025-09-30T13:35:56","slug":"dyskusja-aborcja-a-prawa-czlowieka-perspektywa-francuska-i-polska","status":"publish","type":"post","link":"https:\/\/romanistyka.wn.uw.edu.pl\/index.php\/2025\/09\/30\/dyskusja-aborcja-a-prawa-czlowieka-perspektywa-francuska-i-polska\/","title":{"rendered":"Dyskusja &#8222;Aborcja a prawa cz\u0142owieka: perspektywa francuska i polska\u201d"},"content":{"rendered":"\n<p class=\"wp-block-paragraph\">Serdecznie zapraszamy na dyskusj\u0119 z udzia\u0142em prof. Marty Bucholc (Wydzia\u0142 Socjogii UW)i prof. Marcina Ko\u015bcielniaka (Uniwersytet Jagiello\u0144ski) po\u015bwi\u0119con\u0105 temu, jak kwestie aborcji omawiane s\u0105 w debacie publicznej i prawnej w Polsce i we Francji, w szczeg\u00f3lno\u015bci w kontek\u015bcie wpisania w zesz\u0142ym roku prawa do aborcji do tekstu francuskiej konstytucji.<\/p>\n\n\n\n<p class=\"wp-block-paragraph\">Spotkanie odb\u0119dzie si\u0119 8 pa\u017adziernika 2025 roku w sali Z.520 (poziom -1) w budynku Wydzia\u0142u Neofilologii UW o godzinie 16:45.<\/p>\n\n\n\n<p class=\"wp-block-paragraph\">moderacja: Cezary W\u0119gli\u0144ski (Centrum Prawa Francuskiego WPiA UW, Instytut Romanistyki)<\/p>\n\n\n\n<figure class=\"wp-block-image size-large\" style=\"margin-top:var(--wp--preset--spacing--40);margin-bottom:var(--wp--preset--spacing--40)\"><img loading=\"lazy\" decoding=\"async\" width=\"724\" height=\"1024\" src=\"https:\/\/romanistyka.wn.uw.edu.pl\/wp-content\/uploads\/2025\/09\/Plakat-IR-Aborcja-724x1024.png\" alt=\"\" class=\"wp-image-6769\"\/><\/figure>\n","protected":false},"excerpt":{"rendered":"<p>Serdecznie zapraszamy na dyskusj\u0119 z udzia\u0142em prof. Marty Bucholc (Wydzia\u0142 Socjogii UW)i prof. Marcina Ko\u015bcielniaka (Uniwersytet Jagiello\u0144ski) po\u015bwi\u0119con\u0105 temu, jak kwestie aborcji omawiane s\u0105 w debacie publicznej i prawnej w Polsce i we Francji, w szczeg\u00f3lno\u015bci w kontek\u015bcie wpisania w zesz\u0142ym roku prawa do aborcji do tekstu francuskiej konstytucji. Spotkanie odb\u0119dzie si\u0119 8 pa\u017adziernika 2025 [&hellip;]<\/p>\n","protected":false},"author":15,"featured_media":6769,"comment_status":"closed","ping_status":"open","sticky":false,"template":"","format":"standard","meta":{"footnotes":""},"categories":[8,9],"tags":[],"class_list":["post-6768","post","type-post","status-publish","format-standard","has-post-thumbnail","hentry","category-aktualnosci","category-wydarzenia"],"_links":{"self":[{"href":"https:\/\/romanistyka.wn.uw.edu.pl\/index.php\/wp-json\/wp\/v2\/posts\/6768","targetHints":{"allow":["GET"]}}],"collection":[{"href":"https:\/\/romanistyka.wn.uw.edu.pl\/index.php\/wp-json\/wp\/v2\/posts"}],"about":[{"href":"https:\/\/romanistyka.wn.uw.edu.pl\/index.php\/wp-json\/wp\/v2\/types\/post"}],"author":[{"embeddable":true,"href":"https:\/\/romanistyka.wn.uw.edu.pl\/index.php\/wp-json\/wp\/v2\/users\/15"}],"replies":[{"embeddable":true,"href":"https:\/\/romanistyka.wn.uw.edu.pl\/index.php\/wp-json\/wp\/v2\/comments?post=6768"}],"version-history":[{"count":1,"href":"https:\/\/romanistyka.wn.uw.edu.pl\/index.php\/wp-json\/wp\/v2\/posts\/6768\/revisions"}],"predecessor-version":[{"id":6770,"href":"https:\/\/romanistyka.wn.uw.edu.pl\/index.php\/wp-json\/wp\/v2\/posts\/6768\/revisions\/6770"}],"wp:featuredmedia":[{"embeddable":true,"href":"https:\/\/romanistyka.wn.uw.edu.pl\/index.php\/wp-json\/wp\/v2\/media\/6769"}],"wp:attachment":[{"href":"https:\/\/romanistyka.wn.uw.edu.pl\/index.php\/wp-json\/wp\/v2\/media?parent=6768"}],"wp:term":[{"taxonomy":"category","embeddable":true,"href":"https:\/\/romanistyka.wn.uw.edu.pl\/index.php\/wp-json\/wp\/v2\/categories?post=6768"},{"taxonomy":"post_tag","embeddable":true,"href":"https:\/\/romanistyka.wn.uw.edu.pl\/index.php\/wp-json\/wp\/v2\/tags?post=6768"}],"curies":[{"name":"wp","href":"https:\/\/api.w.org\/{rel}","templated":true}]}}