{"id":6759,"date":"2025-09-25T11:02:53","date_gmt":"2025-09-25T11:02:53","guid":{"rendered":"https:\/\/romanistyka.wn.uw.edu.pl\/?p=6759"},"modified":"2025-09-25T11:02:53","modified_gmt":"2025-09-25T11:02:53","slug":"dzien-adaptacyjnystudia-ii-stopnia-30-wrzesnia-2025-r","status":"publish","type":"post","link":"https:\/\/romanistyka.wn.uw.edu.pl\/index.php\/2025\/09\/25\/dzien-adaptacyjnystudia-ii-stopnia-30-wrzesnia-2025-r\/","title":{"rendered":"DZIE\u0143 ADAPTACYJNY(studia II stopnia) &#8211; 30 WRZE\u015aNIA 2025 r."},"content":{"rendered":"<p>Drogie Osoby studiuj\u0105ce!<br \/>\nJu\u017c niebawem rozpoczniecie studia II stopnia w Instytucie Romanistyki.<br \/>\nZ tej okazji zapraszamy Was na dzie\u0144 adaptacyjny, kt\u00f3ry odb\u0119dzie si\u0119 we wtorek<br \/>\n30 wrze\u015bnia w budynku naszego wydzia\u0142u przy ul. Dobrej 55, w sali 3.014.<br \/>\nTo doskona\u0142a okazja, aby:<br \/>\n\u2022 ponownie zobaczy\u0107 swoich wyk\u0142adowc\u00f3w i cz\u0142onk\u00f3w nowej dyrekcji w pe\u0142nym sk\u0142adzie;<br \/>\n\u2022 dowiedzie\u0107 si\u0119 jeszcze wi\u0119cej o tym, jak wygl\u0105da nauka na naszym kierunku lub po<br \/>\nprostu przypomnie\u0107 sobie jak fajnie u nas jest;<br \/>\n\u2022 otrzyma\u0107 praktyczne informacje dotycz\u0105ce organizacji studi\u00f3w II stopnia w IR.<br \/>\nHARMONOGRAM DNIA ADAPTACYJNEGO DLA STUDENT\u00d3W I ROKU STUDI\u00d3W<br \/>\nMAGISTERSKICH:<br \/>\n13:00-14:00<br \/>\n\u2022 \u015blubowanie;<br \/>\n\u2022 legitymacje;<br \/>\n\u2022 prezentacja \u015bcie\u017cki metodycznej\/ przek\u0142adowej;<br \/>\n\u2022 spotkanie z opiekunem 1 roku.<br \/>\n14:00-15:30<br \/>\n\u2022 rekrutacja na profil przek\u0142adowy (termin sk\u0142adania poda\u0144: 28.09, godzina 12:00,<br \/>\nw.kroker@uw.edu.pl)<br \/>\nBardzo si\u0119 ju\u017c cieszymy na spotkanie z Wami.<br \/>\nDo zobaczenia!<\/p>\n","protected":false},"excerpt":{"rendered":"<p>Drogie Osoby studiuj\u0105ce! Ju\u017c niebawem rozpoczniecie studia II stopnia w Instytucie Romanistyki. Z tej okazji zapraszamy Was na dzie\u0144 adaptacyjny, kt\u00f3ry odb\u0119dzie si\u0119 we wtorek 30 wrze\u015bnia w budynku naszego wydzia\u0142u przy ul. Dobrej 55, w sali 3.014. To doskona\u0142a okazja, aby: \u2022 ponownie zobaczy\u0107 swoich wyk\u0142adowc\u00f3w i cz\u0142onk\u00f3w nowej dyrekcji w pe\u0142nym sk\u0142adzie; \u2022 [&hellip;]<\/p>\n","protected":false},"author":6,"featured_media":0,"comment_status":"closed","ping_status":"open","sticky":false,"template":"","format":"standard","meta":{"footnotes":""},"categories":[8,7,37],"tags":[],"class_list":["post-6759","post","type-post","status-publish","format-standard","hentry","category-aktualnosci","category-ogloszenia-dla-studentow","category-ogloszenia-dla-studentow-fr"],"_links":{"self":[{"href":"https:\/\/romanistyka.wn.uw.edu.pl\/index.php\/wp-json\/wp\/v2\/posts\/6759","targetHints":{"allow":["GET"]}}],"collection":[{"href":"https:\/\/romanistyka.wn.uw.edu.pl\/index.php\/wp-json\/wp\/v2\/posts"}],"about":[{"href":"https:\/\/romanistyka.wn.uw.edu.pl\/index.php\/wp-json\/wp\/v2\/types\/post"}],"author":[{"embeddable":true,"href":"https:\/\/romanistyka.wn.uw.edu.pl\/index.php\/wp-json\/wp\/v2\/users\/6"}],"replies":[{"embeddable":true,"href":"https:\/\/romanistyka.wn.uw.edu.pl\/index.php\/wp-json\/wp\/v2\/comments?post=6759"}],"version-history":[{"count":1,"href":"https:\/\/romanistyka.wn.uw.edu.pl\/index.php\/wp-json\/wp\/v2\/posts\/6759\/revisions"}],"predecessor-version":[{"id":6760,"href":"https:\/\/romanistyka.wn.uw.edu.pl\/index.php\/wp-json\/wp\/v2\/posts\/6759\/revisions\/6760"}],"wp:attachment":[{"href":"https:\/\/romanistyka.wn.uw.edu.pl\/index.php\/wp-json\/wp\/v2\/media?parent=6759"}],"wp:term":[{"taxonomy":"category","embeddable":true,"href":"https:\/\/romanistyka.wn.uw.edu.pl\/index.php\/wp-json\/wp\/v2\/categories?post=6759"},{"taxonomy":"post_tag","embeddable":true,"href":"https:\/\/romanistyka.wn.uw.edu.pl\/index.php\/wp-json\/wp\/v2\/tags?post=6759"}],"curies":[{"name":"wp","href":"https:\/\/api.w.org\/{rel}","templated":true}]}}