{"id":6757,"date":"2025-09-25T11:01:34","date_gmt":"2025-09-25T11:01:34","guid":{"rendered":"https:\/\/romanistyka.wn.uw.edu.pl\/?p=6757"},"modified":"2025-09-25T11:01:34","modified_gmt":"2025-09-25T11:01:34","slug":"dzien-adaptacyjnystudentki-i-studenci-i-stopnia-30-wrzesnia-2025-r","status":"publish","type":"post","link":"https:\/\/romanistyka.wn.uw.edu.pl\/index.php\/2025\/09\/25\/dzien-adaptacyjnystudentki-i-studenci-i-stopnia-30-wrzesnia-2025-r\/","title":{"rendered":"DZIE\u0143 ADAPTACYJNY(studentki i studenci I stopnia) &#8211; 30 WRZE\u015aNIA 2025 r."},"content":{"rendered":"<p>DZIE\u0143 ADAPTACYJNY<br \/>\n(studentki i studenci I stopnia)<br \/>\nDrogie Osoby studiuj\u0105ce I roku!<br \/>\nJu\u017c niebawem rozpoczniecie studia w Instytucie Romanistyki.<br \/>\nZ tej okazji zapraszamy Was na dzie\u0144 adaptacyjny, kt\u00f3ry odb\u0119dzie si\u0119 we wtorek<br \/>\n30 wrze\u015bnia w budynku naszego wydzia\u0142u przy ul. Dobrej 55 (naprzeciwko<br \/>\nBiblioteki Uniwersyteckiej), w sali 3.014. To doskona\u0142a okazja, aby:<br \/>\n\u2022 pozna\u0107 swoich wyk\u0142adowc\u00f3w i starszych student\u00f3w;<br \/>\n\u2022 dowiedzie\u0107 si\u0119, jak wygl\u0105da nauka na naszym kierunku;<br \/>\n\u2022 otrzyma\u0107 praktyczne informacje dotycz\u0105ce organizacji studi\u00f3w i \u017cycia studenckiego.<br \/>\nHARMONOGRAM DNIA ADAPTACYJNEGO DLA OS\u00d3B STUDIUJ\u0104CYCH I ROKU:<br \/>\n1. Dla os\u00f3b studiuj\u0105cych znaj\u0105cych j\u0119zyk francuski<br \/>\n10-11:00<br \/>\n\u2022 test poziomuj\u0105cy<br \/>\n2. Dzie\u0144 adaptacyjny dla wszystkich os\u00f3b studiuj\u0105cych I roku studi\u00f3w licencjackich<br \/>\n11:00 &#8211; 12:30<br \/>\n\u2022 \u015blubowanie;<br \/>\n\u2022 legitymacje;<br \/>\n\u2022 informacje dotycz\u0105ce toku studi\u00f3w \u2013 spotkanie z Kierownik Studi\u00f3w, dr Karolin\u0105<br \/>\nWawrzonek;<br \/>\n\u2022 prezentacja \u015bcie\u017cki metodycznej (dla przysz\u0142ych nauczycieli j\u0119zyka francuskiego);<br \/>\n\u2022 spotkanie ze studentami IR i z przedstawicielami Rady Samorz\u0105du Student\u00f3w WN.<br \/>\nNie przegapcie okazji, aby lepiej pozna\u0107 nasz\u0105 spo\u0142eczno\u015b\u0107, zada\u0107 pytania i rozpocz\u0105\u0107 swoj\u0105 przygod\u0119 z filologi\u0105 roma\u0144sk\u0105 w najlepszy spos\u00f3b.<br \/>\nDo zobaczenia!<\/p>\n","protected":false},"excerpt":{"rendered":"<p>DZIE\u0143 ADAPTACYJNY (studentki i studenci I stopnia) Drogie Osoby studiuj\u0105ce I roku! Ju\u017c niebawem rozpoczniecie studia w Instytucie Romanistyki. Z tej okazji zapraszamy Was na dzie\u0144 adaptacyjny, kt\u00f3ry odb\u0119dzie si\u0119 we wtorek 30 wrze\u015bnia w budynku naszego wydzia\u0142u przy ul. Dobrej 55 (naprzeciwko Biblioteki Uniwersyteckiej), w sali 3.014. To doskona\u0142a okazja, aby: \u2022 pozna\u0107 swoich [&hellip;]<\/p>\n","protected":false},"author":6,"featured_media":0,"comment_status":"closed","ping_status":"open","sticky":false,"template":"","format":"standard","meta":{"footnotes":""},"categories":[8,7,37],"tags":[],"class_list":["post-6757","post","type-post","status-publish","format-standard","hentry","category-aktualnosci","category-ogloszenia-dla-studentow","category-ogloszenia-dla-studentow-fr"],"_links":{"self":[{"href":"https:\/\/romanistyka.wn.uw.edu.pl\/index.php\/wp-json\/wp\/v2\/posts\/6757","targetHints":{"allow":["GET"]}}],"collection":[{"href":"https:\/\/romanistyka.wn.uw.edu.pl\/index.php\/wp-json\/wp\/v2\/posts"}],"about":[{"href":"https:\/\/romanistyka.wn.uw.edu.pl\/index.php\/wp-json\/wp\/v2\/types\/post"}],"author":[{"embeddable":true,"href":"https:\/\/romanistyka.wn.uw.edu.pl\/index.php\/wp-json\/wp\/v2\/users\/6"}],"replies":[{"embeddable":true,"href":"https:\/\/romanistyka.wn.uw.edu.pl\/index.php\/wp-json\/wp\/v2\/comments?post=6757"}],"version-history":[{"count":1,"href":"https:\/\/romanistyka.wn.uw.edu.pl\/index.php\/wp-json\/wp\/v2\/posts\/6757\/revisions"}],"predecessor-version":[{"id":6758,"href":"https:\/\/romanistyka.wn.uw.edu.pl\/index.php\/wp-json\/wp\/v2\/posts\/6757\/revisions\/6758"}],"wp:attachment":[{"href":"https:\/\/romanistyka.wn.uw.edu.pl\/index.php\/wp-json\/wp\/v2\/media?parent=6757"}],"wp:term":[{"taxonomy":"category","embeddable":true,"href":"https:\/\/romanistyka.wn.uw.edu.pl\/index.php\/wp-json\/wp\/v2\/categories?post=6757"},{"taxonomy":"post_tag","embeddable":true,"href":"https:\/\/romanistyka.wn.uw.edu.pl\/index.php\/wp-json\/wp\/v2\/tags?post=6757"}],"curies":[{"name":"wp","href":"https:\/\/api.w.org\/{rel}","templated":true}]}}