{"id":6742,"date":"2025-09-23T19:50:15","date_gmt":"2025-09-23T19:50:15","guid":{"rendered":"https:\/\/romanistyka.wn.uw.edu.pl\/?p=6742"},"modified":"2025-09-23T19:50:15","modified_gmt":"2025-09-23T19:50:15","slug":"nowe-zasady-mobilnosci-erasmus-dla-pracownikow-w-2025-26-r","status":"publish","type":"post","link":"https:\/\/romanistyka.wn.uw.edu.pl\/index.php\/2025\/09\/23\/nowe-zasady-mobilnosci-erasmus-dla-pracownikow-w-2025-26-r\/","title":{"rendered":"Nowe zasady mobilno\u015bci Erasmus+ dla Pracownik\u00f3w w 2025\/26 r."},"content":{"rendered":"\n<p class=\"wp-block-paragraph\">Szanowni Pa\u0144stwo,<\/p>\n\n\n\n<p class=\"wp-block-paragraph\">przekazuj\u0119 informacje otrzymane od BWZ na temat zmian w zasadach dotycz\u0105cych wyjazd\u00f3w typu STT&nbsp;(szkolenia) i STA (wyk\u0142ady).<\/p>\n\n\n\n<p class=\"wp-block-paragraph\">Zasady STT\/ STA&nbsp;2025\/26:<\/p>\n\n\n\n<p class=\"wp-block-paragraph\">\u2022 O mobilno\u015b\u0107 mo\u017cna si\u0119 stara\u0107 w spos\u00f3b ci\u0105g\u0142y, do wyczerpania funduszy, przy czym mobilno\u015b\u0107 musi zako\u0144czy\u0107 si\u0119<br>najp\u00f3\u017aniej 31.07.2026 r.<br>Najwa\u017cniejsze zmiany:<br>1. Mo\u017cna si\u0119 stara\u0107 o 1 wyjazd STT \/ 1 wyjazd STA w tym r\u00f3wnie\u017c uczestnictwo w BIPach.<br>2. Kto mo\u017ce skorzysta\u0107 z STT: pracownicy nieb\u0119d\u0105cy nauczycielami akademickimi,<br>koordynatorzy, lektorzy Centrum Nauczania J\u0119zyk\u00f3w Obcych, nauczyciele akademiccy<br>bior\u0105cy udzia\u0142 w szkoleniu na BIP, w kt\u00f3rym UW jest partnerem, <strong>o ile nie otrzymali<br>stypendium KA131 lub KA171 na realizacj\u0119 szkolenia od 1.09.2024 r. do 31.07.2025 r.;<\/strong><br>3. Nie mo\u017cna przek\u0142ada\u0107 wyjazd\u00f3w.<\/p>\n\n\n\n<p class=\"wp-block-paragraph\">4. Nie mo\u017cna wyjecha\u0107 na podstawie umowy zawartej przez inn\u0105 jednostk\u0119 UW.<\/p>\n\n\n\n<p class=\"wp-block-paragraph\">Zmianie te\u017c uleg\u0142y fundusze przyznane na STT i STA:<\/p>\n\n\n\n<p class=\"wp-block-paragraph\">\u2022 2024\/2025<br>STA: 157 mobilno\u015bci<br>STT: 156 mobilno\u015bci<br>\u2022 2025\/2026&nbsp;<br>STA: 103 mobilno\u015bci<br>STT: 76 mobilno\u015bci<\/p>\n\n\n\n<p class=\"wp-block-paragraph\">Szczeg\u00f3\u0142owe informacje znajd\u0105 Pa\u0144stwo na stronie BWZ.<\/p>\n\n\n\n<p class=\"wp-block-paragraph\">\u0141\u0105cz\u0119 serdeczne pozdrowienia<\/p>\n\n\n\n<p class=\"wp-block-paragraph\">Anna Ciostek<\/p>\n","protected":false},"excerpt":{"rendered":"<p>Szanowni Pa\u0144stwo, przekazuj\u0119 informacje otrzymane od BWZ na temat zmian w zasadach dotycz\u0105cych wyjazd\u00f3w typu STT&nbsp;(szkolenia) i STA (wyk\u0142ady). Zasady STT\/ STA&nbsp;2025\/26: \u2022 O mobilno\u015b\u0107 mo\u017cna si\u0119 stara\u0107 w spos\u00f3b ci\u0105g\u0142y, do wyczerpania funduszy, przy czym mobilno\u015b\u0107 musi zako\u0144czy\u0107 si\u0119najp\u00f3\u017aniej 31.07.2026 r.Najwa\u017cniejsze zmiany:1. Mo\u017cna si\u0119 stara\u0107 o 1 wyjazd STT \/ 1 wyjazd STA w [&hellip;]<\/p>\n","protected":false},"author":12,"featured_media":0,"comment_status":"closed","ping_status":"open","sticky":false,"template":"","format":"standard","meta":{"footnotes":""},"categories":[6],"tags":[],"class_list":["post-6742","post","type-post","status-publish","format-standard","hentry","category-ogloszenia-dla-pracownikow"],"_links":{"self":[{"href":"https:\/\/romanistyka.wn.uw.edu.pl\/index.php\/wp-json\/wp\/v2\/posts\/6742","targetHints":{"allow":["GET"]}}],"collection":[{"href":"https:\/\/romanistyka.wn.uw.edu.pl\/index.php\/wp-json\/wp\/v2\/posts"}],"about":[{"href":"https:\/\/romanistyka.wn.uw.edu.pl\/index.php\/wp-json\/wp\/v2\/types\/post"}],"author":[{"embeddable":true,"href":"https:\/\/romanistyka.wn.uw.edu.pl\/index.php\/wp-json\/wp\/v2\/users\/12"}],"replies":[{"embeddable":true,"href":"https:\/\/romanistyka.wn.uw.edu.pl\/index.php\/wp-json\/wp\/v2\/comments?post=6742"}],"version-history":[{"count":1,"href":"https:\/\/romanistyka.wn.uw.edu.pl\/index.php\/wp-json\/wp\/v2\/posts\/6742\/revisions"}],"predecessor-version":[{"id":6743,"href":"https:\/\/romanistyka.wn.uw.edu.pl\/index.php\/wp-json\/wp\/v2\/posts\/6742\/revisions\/6743"}],"wp:attachment":[{"href":"https:\/\/romanistyka.wn.uw.edu.pl\/index.php\/wp-json\/wp\/v2\/media?parent=6742"}],"wp:term":[{"taxonomy":"category","embeddable":true,"href":"https:\/\/romanistyka.wn.uw.edu.pl\/index.php\/wp-json\/wp\/v2\/categories?post=6742"},{"taxonomy":"post_tag","embeddable":true,"href":"https:\/\/romanistyka.wn.uw.edu.pl\/index.php\/wp-json\/wp\/v2\/tags?post=6742"}],"curies":[{"name":"wp","href":"https:\/\/api.w.org\/{rel}","templated":true}]}}