{"id":6660,"date":"2025-08-05T09:53:25","date_gmt":"2025-08-05T09:53:25","guid":{"rendered":"https:\/\/romanistyka.wn.uw.edu.pl\/?p=6660"},"modified":"2025-08-18T17:03:52","modified_gmt":"2025-08-18T17:03:52","slug":"konkurs-na-staz-tlumaczeniowy","status":"publish","type":"post","link":"https:\/\/romanistyka.wn.uw.edu.pl\/index.php\/2025\/08\/05\/konkurs-na-staz-tlumaczeniowy\/","title":{"rendered":"Konkurs na Sta\u017c T\u0142umaczeniowy"},"content":{"rendered":"<div dir=\"auto\">Szanowni Pa\u0144stwo,<\/div>\n<div dir=\"auto\"><\/div>\n<div dir=\"auto\">Regionalny oddzia\u0142 Agence universitaire de la francophonie na obszar Europy centralnej i wschodniej, we wsp\u00f3\u0142pracy z Radio-France Internationale, organizuje drug\u0105 edycj\u0119 konkursu na sta\u017c t\u0142umaczeniowy dla os\u00f3b studiuj\u0105cych w uczelniach partnerskich Agencji.<\/div>\n<div dir=\"auto\">Sta\u017c polega\u0107 b\u0119dzie na przygotowaniu t\u0142umacze\u0144 tekst\u00f3w z j\u0119zyka ojczystego na j\u0119zyk francuski, a jego okres trwania to trzy miesi\u0105ce (od wrze\u015bnia do listopada br.). Sta\u017c b\u0119dzie realizowany w trybie zdalnym.<\/div>\n<div dir=\"auto\">Termin sk\u0142adania kandydatur to 31 sierpnia.<\/div>\n<div dir=\"auto\">Wszelkie informacje dotycz\u0105ce sta\u017cu znajd\u0105 Pa\u0144stwo tutaj:\u00a0<a href=\"https:\/\/www.auf.org\/europe-centrale-orientale\/nouvelles\/appels-a-candidatures\/stages-de-traduction-langue-nationale-francais-distance-en-partenariat-avec-la-rfi-roumanie-1er-appel-2024-2\/\" target=\"_blank\" rel=\"noopener\" data-saferedirecturl=\"https:\/\/www.google.com\/url?q=https:\/\/www.auf.org\/europe-centrale-orientale\/nouvelles\/appels-a-candidatures\/stages-de-traduction-langue-nationale-francais-distance-en-partenariat-avec-la-rfi-roumanie-1er-appel-2024-2\/&amp;source=gmail&amp;ust=1754472883158000&amp;usg=AOvVaw1z07ttR373Z1ruBxf-QwzM\">https:\/\/www.auf.org\/europe-centrale-orientale\/nouvelles\/appels-a-candidatures\/stages-de-traduction-langue-nationale-francais-distance-en-partenariat-avec-la-rfi-roumanie-1er-appel-2024-2\/<\/a><\/div>\n<div dir=\"auto\"><\/div>\n<div dir=\"auto\">Realizacja sta\u017cu b\u0119dzie gratyfikowana 3 punktami ECTS i zostanie uznana za realizacj\u0119 jednego z przedmiot\u00f3w typu OGUN, wpisanych do programu studi\u00f3w na drugim stopniu filologii roma\u0144skiej.<\/div>\n<div dir=\"auto\"><\/div>\n<div dir=\"auto\">W sprawach zwi\u0105zanych z dokumentami konkursowymi, osoby zainteresowane proszone s\u0105 o kontakt z Sekretariatem IR, z kopi\u0105 wiadomo\u015bci do dr Micha\u0142a Obszy\u0144skiego.<\/div>\n","protected":false},"excerpt":{"rendered":"<p>Szanowni Pa\u0144stwo, Regionalny oddzia\u0142 Agence universitaire de la francophonie na obszar Europy centralnej i wschodniej, we wsp\u00f3\u0142pracy z Radio-France Internationale, organizuje drug\u0105 edycj\u0119 konkursu na sta\u017c t\u0142umaczeniowy dla os\u00f3b studiuj\u0105cych w uczelniach partnerskich Agencji. Sta\u017c polega\u0107 b\u0119dzie na przygotowaniu t\u0142umacze\u0144 tekst\u00f3w z j\u0119zyka ojczystego na j\u0119zyk francuski, a jego okres trwania to trzy miesi\u0105ce (od [&hellip;]<\/p>\n","protected":false},"author":6,"featured_media":6404,"comment_status":"closed","ping_status":"open","sticky":false,"template":"","format":"standard","meta":{"footnotes":""},"categories":[8,7,37],"tags":[],"class_list":["post-6660","post","type-post","status-publish","format-standard","has-post-thumbnail","hentry","category-aktualnosci","category-ogloszenia-dla-studentow","category-ogloszenia-dla-studentow-fr"],"_links":{"self":[{"href":"https:\/\/romanistyka.wn.uw.edu.pl\/index.php\/wp-json\/wp\/v2\/posts\/6660","targetHints":{"allow":["GET"]}}],"collection":[{"href":"https:\/\/romanistyka.wn.uw.edu.pl\/index.php\/wp-json\/wp\/v2\/posts"}],"about":[{"href":"https:\/\/romanistyka.wn.uw.edu.pl\/index.php\/wp-json\/wp\/v2\/types\/post"}],"author":[{"embeddable":true,"href":"https:\/\/romanistyka.wn.uw.edu.pl\/index.php\/wp-json\/wp\/v2\/users\/6"}],"replies":[{"embeddable":true,"href":"https:\/\/romanistyka.wn.uw.edu.pl\/index.php\/wp-json\/wp\/v2\/comments?post=6660"}],"version-history":[{"count":1,"href":"https:\/\/romanistyka.wn.uw.edu.pl\/index.php\/wp-json\/wp\/v2\/posts\/6660\/revisions"}],"predecessor-version":[{"id":6661,"href":"https:\/\/romanistyka.wn.uw.edu.pl\/index.php\/wp-json\/wp\/v2\/posts\/6660\/revisions\/6661"}],"wp:featuredmedia":[{"embeddable":true,"href":"https:\/\/romanistyka.wn.uw.edu.pl\/index.php\/wp-json\/wp\/v2\/media\/6404"}],"wp:attachment":[{"href":"https:\/\/romanistyka.wn.uw.edu.pl\/index.php\/wp-json\/wp\/v2\/media?parent=6660"}],"wp:term":[{"taxonomy":"category","embeddable":true,"href":"https:\/\/romanistyka.wn.uw.edu.pl\/index.php\/wp-json\/wp\/v2\/categories?post=6660"},{"taxonomy":"post_tag","embeddable":true,"href":"https:\/\/romanistyka.wn.uw.edu.pl\/index.php\/wp-json\/wp\/v2\/tags?post=6660"}],"curies":[{"name":"wp","href":"https:\/\/api.w.org\/{rel}","templated":true}]}}