{"id":6637,"date":"2025-07-23T08:33:14","date_gmt":"2025-07-23T08:33:14","guid":{"rendered":"https:\/\/romanistyka.wn.uw.edu.pl\/?p=6637"},"modified":"2025-07-23T08:33:14","modified_gmt":"2025-07-23T08:33:14","slug":"konferencja-naukowa-we-wspolpracy-z-uniwersytetem-w-tiranie","status":"publish","type":"post","link":"https:\/\/romanistyka.wn.uw.edu.pl\/index.php\/2025\/07\/23\/konferencja-naukowa-we-wspolpracy-z-uniwersytetem-w-tiranie\/","title":{"rendered":"Konferencja naukowa we wsp\u00f3\u0142pracy z Uniwersytetem w Tiranie"},"content":{"rendered":"\n<p class=\"wp-block-paragraph\">Mi\u0142o nam poinformowa\u0107, \u017ce Instytut Romanistyki jest wsp\u00f3\u0142organizatorem mi\u0119dzynarodowej konferencji &#8222;Teaching Foreign Languages in Primary Education \u2013 Challenges and Perspectives in the Digital Age and Artificial Intelligence&#8221;, kt\u00f3ra odb\u0119dzie si\u0119 4 grudnia br. na Wydziale J\u0119zyk\u00f3w Obcych Uniwersytetu w Tiranie. Z ramienia IR, dzia\u0142anie to koordynuje dr Agnieszka Dryja\u0144ska.<\/p>\n\n\n\n<p class=\"wp-block-paragraph\">Cyrkularz oraz wszystkie inne informacje mo\u017cna znale\u017a\u0107 tutaj: <a href=\"https:\/\/fgjh.edu.al\/call-for-papers-international-scientific-conference-teaching-foreign-languages-in-primary-education-challenges-and-perspectives-in-the-digital-age-and-artificial-intellige\/\">https:\/\/fgjh.edu.al\/call-for-papers-international-scientific-conference-teaching-foreign-languages-in-primary-education-challenges-and-perspectives-in-the-digital-age-and-artificial-intellige\/<\/a><\/p>\n\n\n\n<p class=\"wp-block-paragraph\"><\/p>\n","protected":false},"excerpt":{"rendered":"<p>Mi\u0142o nam poinformowa\u0107, \u017ce Instytut Romanistyki jest wsp\u00f3\u0142organizatorem mi\u0119dzynarodowej konferencji &#8222;Teaching Foreign Languages in Primary Education \u2013 Challenges and Perspectives in the Digital Age and Artificial Intelligence&#8221;, kt\u00f3ra odb\u0119dzie si\u0119 4 grudnia br. na Wydziale J\u0119zyk\u00f3w Obcych Uniwersytetu w Tiranie. Z ramienia IR, dzia\u0142anie to koordynuje dr Agnieszka Dryja\u0144ska. Cyrkularz oraz wszystkie inne informacje mo\u017cna [&hellip;]<\/p>\n","protected":false},"author":9,"featured_media":6638,"comment_status":"closed","ping_status":"open","sticky":false,"template":"","format":"standard","meta":{"footnotes":""},"categories":[8,6,7],"tags":[],"class_list":["post-6637","post","type-post","status-publish","format-standard","has-post-thumbnail","hentry","category-aktualnosci","category-ogloszenia-dla-pracownikow","category-ogloszenia-dla-studentow"],"_links":{"self":[{"href":"https:\/\/romanistyka.wn.uw.edu.pl\/index.php\/wp-json\/wp\/v2\/posts\/6637","targetHints":{"allow":["GET"]}}],"collection":[{"href":"https:\/\/romanistyka.wn.uw.edu.pl\/index.php\/wp-json\/wp\/v2\/posts"}],"about":[{"href":"https:\/\/romanistyka.wn.uw.edu.pl\/index.php\/wp-json\/wp\/v2\/types\/post"}],"author":[{"embeddable":true,"href":"https:\/\/romanistyka.wn.uw.edu.pl\/index.php\/wp-json\/wp\/v2\/users\/9"}],"replies":[{"embeddable":true,"href":"https:\/\/romanistyka.wn.uw.edu.pl\/index.php\/wp-json\/wp\/v2\/comments?post=6637"}],"version-history":[{"count":1,"href":"https:\/\/romanistyka.wn.uw.edu.pl\/index.php\/wp-json\/wp\/v2\/posts\/6637\/revisions"}],"predecessor-version":[{"id":6639,"href":"https:\/\/romanistyka.wn.uw.edu.pl\/index.php\/wp-json\/wp\/v2\/posts\/6637\/revisions\/6639"}],"wp:featuredmedia":[{"embeddable":true,"href":"https:\/\/romanistyka.wn.uw.edu.pl\/index.php\/wp-json\/wp\/v2\/media\/6638"}],"wp:attachment":[{"href":"https:\/\/romanistyka.wn.uw.edu.pl\/index.php\/wp-json\/wp\/v2\/media?parent=6637"}],"wp:term":[{"taxonomy":"category","embeddable":true,"href":"https:\/\/romanistyka.wn.uw.edu.pl\/index.php\/wp-json\/wp\/v2\/categories?post=6637"},{"taxonomy":"post_tag","embeddable":true,"href":"https:\/\/romanistyka.wn.uw.edu.pl\/index.php\/wp-json\/wp\/v2\/tags?post=6637"}],"curies":[{"name":"wp","href":"https:\/\/api.w.org\/{rel}","templated":true}]}}