{"id":6474,"date":"2025-06-04T09:58:31","date_gmt":"2025-06-04T09:58:31","guid":{"rendered":"https:\/\/romanistyka.wn.uw.edu.pl\/?p=6474"},"modified":"2025-06-05T10:01:00","modified_gmt":"2025-06-05T10:01:00","slug":"godziny-dyzurow-w-sesji-letniej-2024-2025","status":"publish","type":"post","link":"https:\/\/romanistyka.wn.uw.edu.pl\/index.php\/2025\/06\/04\/godziny-dyzurow-w-sesji-letniej-2024-2025\/","title":{"rendered":"Godziny dy\u017cur\u00f3w w Sesji Letniej 2024\/2025"},"content":{"rendered":"\n<figure style=\"margin-top:0;margin-bottom:0\" class=\"wp-block-table\"><table class=\"has-fixed-layout\"><thead><tr><th><strong>PRACOWNIK<\/strong><\/th><th><strong>GODZINY DY\u017bURU<\/strong><\/th><th><strong>MIEJSCE DY\u017bURU (ONLINE \/ STACJONARNIE)<\/strong><\/th><\/tr><\/thead><tbody><tr><td><a href=\"http:\/\/romanistyka.wn.uw.edu.pl\/index.php\/pracownicy\/ciostek-anna\/\">Anna Ciostek<\/a><\/td><td>20.06.2025 11.00-12.00 oraz po mailowym um\u00f3wieniu si\u0119 w sprawach pilnych<\/td><td>3.410<\/td><\/tr><tr><td><a href=\"http:\/\/romanistyka.wn.uw.edu.pl\/index.php\/pracownicy\/agnieszka-dryjanska\/\">Agnieszka Dryja\u0144ska<\/a><\/td><td>9.06, 25.06 15:00-16:30 (po wcze\u015bniejszym um\u00f3wieniu si\u0119), mo\u017cliwe spotkanie na Zoom<\/td><td>3.410<\/td><\/tr><tr><td><a href=\"http:\/\/romanistyka.wn.uw.edu.pl\/index.php\/pracownicy\/fijalkowska-wanda\/\">Wanda Fija\u0142kowska<\/a><\/td><td>5.06.2025 9:00-10:0012.06.2025&nbsp; 9:00-10.0020.06.&nbsp; 10:00-11:00&nbsp;<\/td><td>p. 3.419<\/td><\/tr><tr><td><a href=\"http:\/\/romanistyka.wn.uw.edu.pl\/index.php\/pracownicy\/grycan-magdalena\/\">Magdalena Grycan<\/a><\/td><td>16.06 &#8211; 13.00-14.00 (po wcze\u015bniejszym um\u00f3wieniu si\u0119 drog\u0105 mailow\u0105)24.06 &#8211; 11.00-12.00 (po wcze\u015bniejszym um\u00f3wieniu si\u0119 drog\u0105 mailow\u0105)&nbsp;<\/td><td>p. 2415 lub online&nbsp;<\/td><\/tr><tr><td><a href=\"http:\/\/romanistyka.wn.uw.edu.pl\/index.php\/pracownicy\/izert-malgorzata\/\">Ma\u0142gorzata Izert<\/a><\/td><td>9.06, 14:00-15:00&nbsp;27.06, 13:00-14:00<\/td><td>p. 3.419<\/td><\/tr><tr><td><a href=\"http:\/\/romanistyka.wn.uw.edu.pl\/index.php\/pracownicy\/janion-agnieszka\/\">Agnieszka Janion<\/a><\/td><td>12.06., 12.00-13.0023.06, 10.00 &#8211; 11.00<\/td><td>p. 3.419<\/td><\/tr><tr><td><a href=\"https:\/\/romanistyka.wn.uw.edu.pl\/index.php\/pracownicy\/alicja-jaworska-kaska\/\">Alicja Jaworska-Kaska<\/a><\/td><td>9.06.,11:00-12:0016.06., 13:00-14:00<\/td><td>p. 3.419<\/td><\/tr><tr><td><a href=\"http:\/\/romanistyka.wn.uw.edu.pl\/index.php\/pracownicy\/kieliszczyk-anna\/\">Anna Kieliszczyk<\/a><\/td><td>9-15.06 : w sprawach pilnych prosz\u0119 o kontakt mailowy, 17.06 g.14:30, 27.06 g. 14:30.<\/td><td>s.3419<\/td><\/tr><tr><td><a href=\"http:\/\/romanistyka.wn.uw.edu.pl\/index.php\/pracownicy\/klik-marcin\/\">Marcin Klik<\/a><\/td><td>Sur RDV<\/td><td>Zoom<\/td><\/tr><tr><td><a href=\"http:\/\/romanistyka.wn.uw.edu.pl\/index.php\/pracownicy\/kostro-monika\/\">Monika Kostro<\/a><\/td><td>pt 13.06, godz. 10:00-11:00wt 17.06 i 24.06, godz. 10:00-11:00 (po um\u00f3wieniu si\u0119)<\/td><td>p. 3.419<\/td><\/tr><tr><td><a href=\"http:\/\/romanistyka.wn.uw.edu.pl\/index.php\/pracownicy\/krawczyk-dariusz\/\">Dariusz Krawczyk<\/a><\/td><td>urlop&nbsp;<\/td><td>urlop&nbsp;<\/td><\/tr><tr><td><a href=\"http:\/\/romanistyka.wn.uw.edu.pl\/index.php\/pracownicy\/kroker-wieslaw\/\">Wies\u0142aw Kroker<\/a><\/td><td>11.06.,&nbsp; g. 14-15 (po um\u00f3wieniu si\u0119)<\/td><td>gabinet 3.414 lub w innym terminie zdalnie po wcze\u015bniejszym um\u00f3wieniu si\u0119<\/td><\/tr><tr><td><a href=\"http:\/\/romanistyka.wn.uw.edu.pl\/index.php\/pracownicy\/kucharczyk-radoslaw\/\">Rados\u0142aw Kucharczyk<\/a><\/td><td>12.06, 10.00-11.00 (po wcze\u015bniejszym um\u00f3wieniu si\u0119 drog\u0105 mailow\u0105), 24.06, 13.00 &#8211; 14.00 (po wcze\u015bniejszym um\u00f3wieniu si\u0119 drog\u0105 mailow\u0105)<\/td><td><\/td><\/tr><tr><td><a href=\"http:\/\/romanistyka.wn.uw.edu.pl\/index.php\/pracownicy\/kulesza-monika\/\">Monika Kulesza<\/a><\/td><td>10, 17 VI g. 11.30-12.30 po um\u00f3wieniu si\u0119<\/td><td>gabinet 3.414 lub w innym terminie zdalnie po wcze\u015bniejszym um\u00f3wieniu si\u0119<\/td><\/tr><tr><td><a href=\"http:\/\/romanistyka.wn.uw.edu.pl\/index.php\/pracownicy\/malinowska-monika\/\">Monika Malinowska<\/a><\/td><td>\u015broda 25.06, godz. 14.00-15.00<\/td><td>gabinet 3.414<\/td><\/tr><tr><td><a href=\"http:\/\/romanistyka.wn.uw.edu.pl\/index.php\/pracownicy\/molska-malgorzata\/\">Ma\u0142gorzata Molska<\/a><\/td><td>23.06<br>10h00-14h00<\/td><td>3.410<br><a href=\"https:\/\/docs.google.com\/document\/d\/13fQ8EPhsXnmvSqsd4MzeF1H9Opu9pjgnJe2x0hFXLFo\/edit?usp=sharing\">https:\/\/docs.google.com\/document\/d\/13fQ8EPhsXnmvSqsd4MzeF1H9Opu9pjgnJe2x0hFXLFo\/edit?usp=sharing<\/a><\/td><\/tr><tr><td><a href=\"http:\/\/romanistyka.wn.uw.edu.pl\/index.php\/pracownicy\/obszynski-michal\/\">Micha\u0142 Obszy\u0144ski<\/a><\/td><td>17.0615.00-16.00<br>24.0612.00-13.00<\/td><td>2.415 lub zdalnie po wcze\u015bniejszym um\u00f3wieniu<\/td><\/tr><tr><td><a href=\"http:\/\/romanistyka.wn.uw.edu.pl\/index.php\/pracownicy\/opiela-mrozik-anna\/\">Anna Opiela-Mrozik<\/a><\/td><td>18.06 13:30-14:3025.06 13:00-14:00<\/td><td>3.414 lub w innym terminie po wcze\u015bniejszym um\u00f3wieniu<\/td><\/tr><tr><td><a href=\"http:\/\/romanistyka.wn.uw.edu.pl\/index.php\/pracownicy\/pachocinska-elzbieta\/\">El\u017cbieta Pachoci\u0144ska<\/a><\/td><td>sur RDV<\/td><td>Zoom<\/td><\/tr><tr><td><a href=\"http:\/\/romanistyka.wn.uw.edu.pl\/index.php\/pracownicy\/padzik-dorota\/\">Dorota Padzik<\/a><\/td><td><\/td><td><\/td><\/tr><tr><td><a href=\"http:\/\/romanistyka.wn.uw.edu.pl\/index.php\/pracownicy\/pilecka-ewa\/\">Ewa Pilecka<\/a><\/td><td>9.06, 16.06,23.06 godz. 13.00-14.0012.06, 26.06 godz. 17.00-18.00<\/td><td>3.419<\/td><\/tr><tr><td><a href=\"http:\/\/romanistyka.wn.uw.edu.pl\/index.php\/pracownicy\/peeters-pascale\/\">Pascale Peeters<\/a><\/td><td>11.06, 10.15-12.15 (po wcze\u015bniejszym um\u00f3wieniu si\u0119 drog\u0105 mailow\u0105)<\/td><td>3.410<\/td><\/tr><tr><td><a href=\"http:\/\/romanistyka.wn.uw.edu.pl\/index.php\/pracownicy\/popowicz-kamil\/\">Kamil Popowicz<\/a><\/td><td>13.06 15.00-16.00 (po wcze\u015bniejszym um\u00f3wieniu si\u0119 drog\u0105 mailow\u0105)<\/td><td>gabinet 3.414 lub w innym terminie zdalnie po wcze\u015bniejszym um\u00f3wieniu si\u0119<\/td><\/tr><tr><td>Maria Prandota<\/td><td>23.06, 12.00-14.00(po wcze\u015bniejszym um\u00f3wieniu si\u0119 drog\u0105 mailow\u0105)<\/td><td>3.410&nbsp;<\/td><\/tr><tr><td><a href=\"http:\/\/romanistyka.wn.uw.edu.pl\/index.php\/pracownicy\/dryjanska-agnieszka\/\">Sara Del Rossi<\/a><\/td><td>23.06, 15-16:30<\/td><td>2.011<\/td><\/tr><tr><td><a href=\"http:\/\/romanistyka.wn.uw.edu.pl\/index.php\/pracownicy\/lucas-paul-skurczynski\/\">Lucas Skurczy\u0144ski<\/a><\/td><td>Sur RDV<\/td><td>Zoom<\/td><\/tr><tr><td><a href=\"http:\/\/romanistyka.wn.uw.edu.pl\/index.php\/pracownicy\/smuk-maciej\/\">Maciej Smuk<\/a><\/td><td>Urlop<\/td><td>Urlop<\/td><\/tr><tr><td><a href=\"http:\/\/romanistyka.wn.uw.edu.pl\/index.php\/pracownicy\/sobczyk-agata\/\">Agata Sobczyk<\/a><\/td><td>12.06. g. 12-13&nbsp;<\/td><td>gabinet 3.414 lub w innym terminie zdalnie po wcze\u015bniejszym um\u00f3wieniu si\u0119<\/td><\/tr><tr><td><a href=\"http:\/\/romanistyka.wn.uw.edu.pl\/index.php\/pracownicy\/sokolowicz-malgorzata\/\">Ma\u0142gorzata Soko\u0142owicz<\/a><\/td><td><\/td><td><\/td><\/tr><tr><td><a href=\"http:\/\/romanistyka.wn.uw.edu.pl\/index.php\/pracownicy\/sujecka-zajac-jolanta\/\">Jolanta Sujecka-Zaj\u0105c<\/a><\/td><td>sur RDV<\/td><td>3410 lub Meet<\/td><\/tr><tr><td><a href=\"http:\/\/romanistyka.wn.uw.edu.pl\/index.php\/pracownicy\/szeliga-dorota\/\">Dorota Szeliga<\/a><\/td><td>12.06. g. 13:00-14:0013.06. g. 14:00-15:00<\/td><td>31422136po wcze\u015bniejszym um\u00f3wieniu si\u0119<\/td><\/tr><tr><td><a href=\"http:\/\/romanistyka.wn.uw.edu.pl\/index.php\/pracownicy\/szymankiewicz-krystyna\/\">Krystyna Szymankiewicz<\/a><\/td><td>sur RDV<\/td><td>3410 lub ZOOM<\/td><\/tr><tr><td><a href=\"http:\/\/romanistyka.wn.uw.edu.pl\/index.php\/pracownicy\/alessia-vignoli\/\">Alessia Vignoli<\/a><\/td><td>18\/06 11:00-12:00<\/td><td>2.011 po wcze\u015bniejszym um\u00f3wieniu<\/td><\/tr><tr><td><a href=\"http:\/\/romanistyka.wn.uw.edu.pl\/index.php\/pracownicy\/wawrzonek-karolina\/\">Karolina Wawrzonek<\/a><\/td><td>10.06 10-1213.06 10-1223.06 10-12<\/td><td>2.415 lub zoom po wcze\u015bniejszym um\u00f3wieniu si\u0119<\/td><\/tr><tr><td><a href=\"https:\/\/romanistyka.wn.uw.edu.pl\/index.php\/cezary-weglinski\/\">Cezary W\u0119gli\u0144ski<\/a><\/td><td>10, 17 i 24 czerwca godzina 15:00<br>(po wcze\u015bniejszym um\u00f3wieniu si\u0119 drog\u0105 mailow\u0105)\u00a0<\/td><td>online (Meet)<\/td><\/tr><tr><td><a href=\"http:\/\/romanistyka.wn.uw.edu.pl\/index.php\/pracownicy\/wojakowska-marta\/\">Marta Wojakowska<\/a><\/td><td>urlop&nbsp;<\/td><td>urlop&nbsp;<\/td><\/tr><tr><td><a href=\"http:\/\/romanistyka.wn.uw.edu.pl\/index.php\/pracownicy\/zaleska-krystyna\/\">Krystyna Zaleska<\/a><\/td><td>sur RDV<\/td><td>zoom<\/td><\/tr><tr><td><a href=\"http:\/\/romanistyka.wn.uw.edu.pl\/index.php\/pracownicy\/zatorska-izabella\/\">Izabella Zatorska<\/a><\/td><td>11, 18, 25.06. g. 17-18<\/td><td>gabinet Zak\u0142adu Lit. fr. lub pok\u00f3j pracy<\/td><\/tr><tr><td><a href=\"http:\/\/romanistyka.wn.uw.edu.pl\/index.php\/pracownicy\/zbierska-moscicka-judyta\/\">Judyta Zbierska-Mo\u015bcicka<\/a><\/td><td>12, 19, 26\/6, g. 11-12<\/td><td>s. 3.414<\/td><\/tr><\/tbody><\/table><\/figure>\n\n\n\n<div class=\"wp-block-file has-link-color wp-elements-1\" style=\"margin-top:var(--wp--preset--spacing--50);margin-bottom:var(--wp--preset--spacing--50)\"><a id=\"wp-block-file--media-cfa3f7cf-da7d-4076-a375-609758b540bd\" href=\"https:\/\/romanistyka.wn.uw.edu.pl\/wp-content\/uploads\/2025\/06\/Godziny-dyzurow-w-Sesji-Letniej-2024_2025.pdf\">Godziny dy\u017cur\u00f3w w Sesji Letniej 2024_2025<\/a><a href=\"https:\/\/romanistyka.wn.uw.edu.pl\/wp-content\/uploads\/2025\/06\/Godziny-dyzurow-w-Sesji-Letniej-2024_2025.pdf\" class=\"wp-block-file__button wp-element-button\" download aria-describedby=\"wp-block-file--media-cfa3f7cf-da7d-4076-a375-609758b540bd\">Pobierz<\/a><\/div>\n","protected":false},"excerpt":{"rendered":"<p>PRACOWNIK GODZINY DY\u017bURU MIEJSCE DY\u017bURU (ONLINE \/ STACJONARNIE) Anna Ciostek 20.06.2025 11.00-12.00 oraz po mailowym um\u00f3wieniu si\u0119 w sprawach pilnych 3.410 Agnieszka Dryja\u0144ska 9.06, 25.06 15:00-16:30 (po wcze\u015bniejszym um\u00f3wieniu si\u0119), mo\u017cliwe spotkanie na Zoom 3.410 Wanda Fija\u0142kowska 5.06.2025 9:00-10:0012.06.2025&nbsp; 9:00-10.0020.06.&nbsp; 10:00-11:00&nbsp; p. 3.419 Magdalena Grycan 16.06 &#8211; 13.00-14.00 (po wcze\u015bniejszym um\u00f3wieniu si\u0119 drog\u0105 mailow\u0105)24.06 &#8211; [&hellip;]<\/p>\n","protected":false},"author":6,"featured_media":4926,"comment_status":"closed","ping_status":"open","sticky":false,"template":"","format":"standard","meta":{"footnotes":""},"categories":[8,6,7,37],"tags":[],"class_list":["post-6474","post","type-post","status-publish","format-standard","has-post-thumbnail","hentry","category-aktualnosci","category-ogloszenia-dla-pracownikow","category-ogloszenia-dla-studentow","category-ogloszenia-dla-studentow-fr"],"_links":{"self":[{"href":"https:\/\/romanistyka.wn.uw.edu.pl\/index.php\/wp-json\/wp\/v2\/posts\/6474","targetHints":{"allow":["GET"]}}],"collection":[{"href":"https:\/\/romanistyka.wn.uw.edu.pl\/index.php\/wp-json\/wp\/v2\/posts"}],"about":[{"href":"https:\/\/romanistyka.wn.uw.edu.pl\/index.php\/wp-json\/wp\/v2\/types\/post"}],"author":[{"embeddable":true,"href":"https:\/\/romanistyka.wn.uw.edu.pl\/index.php\/wp-json\/wp\/v2\/users\/6"}],"replies":[{"embeddable":true,"href":"https:\/\/romanistyka.wn.uw.edu.pl\/index.php\/wp-json\/wp\/v2\/comments?post=6474"}],"version-history":[{"count":7,"href":"https:\/\/romanistyka.wn.uw.edu.pl\/index.php\/wp-json\/wp\/v2\/posts\/6474\/revisions"}],"predecessor-version":[{"id":6490,"href":"https:\/\/romanistyka.wn.uw.edu.pl\/index.php\/wp-json\/wp\/v2\/posts\/6474\/revisions\/6490"}],"wp:featuredmedia":[{"embeddable":true,"href":"https:\/\/romanistyka.wn.uw.edu.pl\/index.php\/wp-json\/wp\/v2\/media\/4926"}],"wp:attachment":[{"href":"https:\/\/romanistyka.wn.uw.edu.pl\/index.php\/wp-json\/wp\/v2\/media?parent=6474"}],"wp:term":[{"taxonomy":"category","embeddable":true,"href":"https:\/\/romanistyka.wn.uw.edu.pl\/index.php\/wp-json\/wp\/v2\/categories?post=6474"},{"taxonomy":"post_tag","embeddable":true,"href":"https:\/\/romanistyka.wn.uw.edu.pl\/index.php\/wp-json\/wp\/v2\/tags?post=6474"}],"curies":[{"name":"wp","href":"https:\/\/api.w.org\/{rel}","templated":true}]}}