{"id":6399,"date":"2025-05-27T21:09:05","date_gmt":"2025-05-27T21:09:05","guid":{"rendered":"https:\/\/romanistyka.wn.uw.edu.pl\/?p=6399"},"modified":"2025-05-27T23:29:43","modified_gmt":"2025-05-27T23:29:43","slug":"konkurs-dla-nauczycieli-akademickich-na-wyjazdy-typu-sta-2025-2026","status":"publish","type":"post","link":"https:\/\/romanistyka.wn.uw.edu.pl\/index.php\/2025\/05\/27\/konkurs-dla-nauczycieli-akademickich-na-wyjazdy-typu-sta-2025-2026\/","title":{"rendered":"Konkurs dla nauczycieli akademickich na wyjazdy typu STA 2025\/2026"},"content":{"rendered":"\n<p class=\"wp-block-paragraph\">Szanowni Pa\u0144stwo,<\/p>\n\n\n\n<p class=\"wp-block-paragraph\">przekazuj\u0119 niniejszym nowe informacje na temat konkurs\u00f3w typu STA z programu Erasmus+ .<\/p>\n\n\n\n<p class=\"wp-block-paragraph\">\u0141\u0105cz\u0119 serdeczne pozdrowienia<\/p>\n\n\n\n<p class=\"wp-block-paragraph\">Anna Ciostek<\/p>\n\n\n\n<p class=\"wp-block-paragraph\"><\/p>\n\n\n\n<p class=\"wp-block-paragraph\"><\/p>\n\n\n\n<p class=\"wp-block-paragraph\"><strong>Konkurs na wyjazdy typu STA w ramach projektu KA171\/2023 dla nauczycieli akademickich w roku akademickim 2025\/2026.<\/strong><\/p>\n\n\n\n<p class=\"wp-block-paragraph\">Na&nbsp;<a href=\"http:\/\/bwz.uw.edu.pl\/faq\/konkurs-na-wyjazdy-typu-sta-w-ramach-projektu-ka171-2023-dla-nauczycieli-akademickich-w-roku-akademickim-2025-2026\/\" target=\"_blank\" rel=\"noreferrer noopener\">stronie Biura Wsp\u00f3\u0142pracy z Zagranic\u0105<\/a>&nbsp;opublikowano og\u0142oszenie o konkursie na wyjazdy typu Erasmus STA w celu prowadzenia zaj\u0119\u0107 dydaktycznych w ramach projektu KA171\/2023 w roku akademickim 2025\/2026.<br>Konkurs skierowany jest do nauczycieli akademickich, kt\u00f3rzy nie zrealizowali wcze\u015bniej wyjazdu STA w ramach projektu STA\/KA171\/2023, nr 2023-1-PL01-KA171-HED-000121919.<\/p>\n\n\n\n<p class=\"wp-block-paragraph\">Mo\u017cna ubiega\u0107 si\u0119 o&nbsp;<strong>jeden wyjazd<\/strong>, kt\u00f3ry powinien odby\u0107 si\u0119 w terminie&nbsp;<strong>od 1 wrze\u015bnia 2025 r. do 30 czerwca 2026 r.<\/strong><\/p>\n\n\n\n<p class=\"wp-block-paragraph\"><strong><a href=\"http:\/\/bwz.uw.edu.pl\/wp-content\/uploads\/sites\/358\/2025\/05\/Procedura-i-kryteria-kwalifikacji-organizacja-oraz-zasady-finansowania-wyjazdow-nauczycieli-akademickich-KA171_23_r.a.2025-2026_22.05.pdf\" target=\"_blank\" rel=\"noreferrer noopener\">Procedura i kryteria kwalifikacji, organizacja oraz zasady finansowania wyjazd\u00f3w nauczycieli akademickich<\/a><\/strong><\/p>\n\n\n\n<p class=\"wp-block-paragraph\">Dost\u0119pne s\u0105 wyjazdy typu STA do nast\u0119puj\u0105cych uczelni partnerskich:<\/p>\n\n\n\n<ul class=\"wp-block-list\">\n<li><strong>Albania<\/strong>\u00a0\u2013 European University of Tirana: 2 stypendia<\/li>\n\n\n\n<li><strong>Czarnog\u00f3ra<\/strong>\u00a0\u2013 University of Montenegro: 1 stypendium<\/li>\n\n\n\n<li><strong>Kanada<\/strong>\u00a0\u2013 University of British Columbia: 1 stypendium<\/li>\n\n\n\n<li><strong>Mo\u0142dawia<\/strong>\u00a0\u2013 Moldova State University: 1 stypendium<\/li>\n\n\n\n<li><strong>Tajwan<\/strong>\u00a0\u2013 National Taiwan University: 1 stypendium<\/li>\n\n\n\n<li><strong>Wietnam<\/strong>\u00a0\u2013 The University of Danang: 1 stypendium<\/li>\n<\/ul>\n\n\n\n<p class=\"wp-block-paragraph\">Termin sk\u0142adania dokument\u00f3w<strong>: do 18 lipca 2025 r., do godziny 14:00.<\/strong><br>Uwaga: termin sk\u0142adania dokument\u00f3w jest ostateczny.<\/p>\n\n\n\n<p class=\"wp-block-paragraph\">Spos\u00f3b&nbsp;z\u0142o\u017cenia&nbsp;dokument\u00f3w: elektronicznie, na adres e-mail&nbsp;<a href=\"mailto:bwz.nabory.projekty@uw.edu.pl\" target=\"_blank\" rel=\"noreferrer noopener\">bwz.nabory.projekty@uw.edu.pl<\/a>&nbsp;&nbsp;<\/p>\n\n\n\n<p class=\"wp-block-paragraph\">Pytania dot. konkursu prosimy kierowa\u0107 do p. Joanny Wiszniewskiej &#8211; Owerko (<a href=\"mailto:joanna.wiszniewska@adm.uw.edu.pl\" target=\"_blank\" rel=\"noreferrer noopener\">joanna.wiszniewska@adm.uw.edu.pl<\/a>; tel. 22 55 24 078).<\/p>\n\n\n\n<p class=\"wp-block-paragraph\"><strong><u>Sprawa 2<\/u><\/strong>&nbsp;<strong>\u2013 &nbsp;konkurs dot. organizacji Mieszanych program\u00f3w intensywnych (BIP) na UW.<\/strong><\/p>\n\n\n\n<p class=\"wp-block-paragraph\"><strong>Na stronie Biura Wsp\u00f3\u0142pracy z Zagranic\u0105 opublikowano r\u00f3wnie\u017c og\u00f3lne zasady\u00a0<a href=\"http:\/\/bwz.uw.edu.pl\/mieszane-programy-intensywne-bip\/\" target=\"_blank\" rel=\"noreferrer noopener\">Mieszanych Program\u00f3w Intensywnych (BIP).<\/a><\/strong> Konkurs dotyczy projekt\u00f3w realizowanych <strong>w okresie od czerwca 2025 r. do lipca 2026 r. i trwa\u0107 b\u0119dzie do wyczerpania \u015brodk\u00f3w.<\/strong><\/p>\n\n\n\n<p class=\"wp-block-paragraph\">Pytania dot. BIP\u00f3w, w kt\u00f3rych UW jest organizatorem prosimy kierowa\u0107 do p. Katarzyny Szczepankiewicz (<a href=\"mailto:katarzyna.szczepankiewicz@adm.uw.edu.pl\" target=\"_blank\" rel=\"noreferrer noopener\">katarzyna.szczepankiewicz@adm.uw.edu.pl<\/a>; tel. 22 55 24 069).<\/p>\n\n\n\n<p class=\"wp-block-paragraph\"><\/p>\n","protected":false},"excerpt":{"rendered":"<p>Szanowni Pa\u0144stwo, przekazuj\u0119 niniejszym nowe informacje na temat konkurs\u00f3w typu STA z programu Erasmus+ . \u0141\u0105cz\u0119 serdeczne pozdrowienia Anna Ciostek Konkurs na wyjazdy typu STA w ramach projektu KA171\/2023 dla nauczycieli akademickich w roku akademickim 2025\/2026. Na&nbsp;stronie Biura Wsp\u00f3\u0142pracy z Zagranic\u0105&nbsp;opublikowano og\u0142oszenie o konkursie na wyjazdy typu Erasmus STA w celu prowadzenia zaj\u0119\u0107 dydaktycznych w [&hellip;]<\/p>\n","protected":false},"author":12,"featured_media":4925,"comment_status":"closed","ping_status":"open","sticky":false,"template":"","format":"standard","meta":{"footnotes":""},"categories":[8,6],"tags":[],"class_list":["post-6399","post","type-post","status-publish","format-standard","has-post-thumbnail","hentry","category-aktualnosci","category-ogloszenia-dla-pracownikow"],"_links":{"self":[{"href":"https:\/\/romanistyka.wn.uw.edu.pl\/index.php\/wp-json\/wp\/v2\/posts\/6399","targetHints":{"allow":["GET"]}}],"collection":[{"href":"https:\/\/romanistyka.wn.uw.edu.pl\/index.php\/wp-json\/wp\/v2\/posts"}],"about":[{"href":"https:\/\/romanistyka.wn.uw.edu.pl\/index.php\/wp-json\/wp\/v2\/types\/post"}],"author":[{"embeddable":true,"href":"https:\/\/romanistyka.wn.uw.edu.pl\/index.php\/wp-json\/wp\/v2\/users\/12"}],"replies":[{"embeddable":true,"href":"https:\/\/romanistyka.wn.uw.edu.pl\/index.php\/wp-json\/wp\/v2\/comments?post=6399"}],"version-history":[{"count":1,"href":"https:\/\/romanistyka.wn.uw.edu.pl\/index.php\/wp-json\/wp\/v2\/posts\/6399\/revisions"}],"predecessor-version":[{"id":6400,"href":"https:\/\/romanistyka.wn.uw.edu.pl\/index.php\/wp-json\/wp\/v2\/posts\/6399\/revisions\/6400"}],"wp:featuredmedia":[{"embeddable":true,"href":"https:\/\/romanistyka.wn.uw.edu.pl\/index.php\/wp-json\/wp\/v2\/media\/4925"}],"wp:attachment":[{"href":"https:\/\/romanistyka.wn.uw.edu.pl\/index.php\/wp-json\/wp\/v2\/media?parent=6399"}],"wp:term":[{"taxonomy":"category","embeddable":true,"href":"https:\/\/romanistyka.wn.uw.edu.pl\/index.php\/wp-json\/wp\/v2\/categories?post=6399"},{"taxonomy":"post_tag","embeddable":true,"href":"https:\/\/romanistyka.wn.uw.edu.pl\/index.php\/wp-json\/wp\/v2\/tags?post=6399"}],"curies":[{"name":"wp","href":"https:\/\/api.w.org\/{rel}","templated":true}]}}