{"id":6329,"date":"2025-05-25T17:28:55","date_gmt":"2025-05-25T17:28:55","guid":{"rendered":"https:\/\/romanistyka.wn.uw.edu.pl\/?p=6329"},"modified":"2025-05-26T09:39:26","modified_gmt":"2025-05-26T09:39:26","slug":"a-janion-odwoluje-dyzur-w-dniu-26-maja","status":"publish","type":"post","link":"https:\/\/romanistyka.wn.uw.edu.pl\/index.php\/2025\/05\/25\/a-janion-odwoluje-dyzur-w-dniu-26-maja\/","title":{"rendered":"A. Janion odwo\u0142uje dy\u017cur w dniu 26 maja"},"content":{"rendered":"<p>Drodzy Pa\u0144stwo,<\/p>\n<p>m\u00f3j dy\u017cur w dniu 26 maja b.r. nie odb\u0119dzie si\u0119. Jestem do Pa\u0144stwa dyspozycji (zdalnie), po uprzednim um\u00f3wieniu drog\u0105 mailow\u0105.<\/p>\n<p>Pozdrawiam serdecznie,<\/p>\n<p>Agnieszka Janion<\/p>\n","protected":false},"excerpt":{"rendered":"<p>Drodzy Pa\u0144stwo, m\u00f3j dy\u017cur w dniu 26 maja b.r. nie odb\u0119dzie si\u0119. Jestem do Pa\u0144stwa dyspozycji (zdalnie), po uprzednim um\u00f3wieniu drog\u0105 mailow\u0105. Pozdrawiam serdecznie, Agnieszka Janion<\/p>\n","protected":false},"author":6,"featured_media":4926,"comment_status":"closed","ping_status":"open","sticky":false,"template":"","format":"standard","meta":{"footnotes":""},"categories":[15],"tags":[],"class_list":["post-6329","post","type-post","status-publish","format-standard","has-post-thumbnail","hentry","category-bez-kategorii-pl"],"_links":{"self":[{"href":"https:\/\/romanistyka.wn.uw.edu.pl\/index.php\/wp-json\/wp\/v2\/posts\/6329","targetHints":{"allow":["GET"]}}],"collection":[{"href":"https:\/\/romanistyka.wn.uw.edu.pl\/index.php\/wp-json\/wp\/v2\/posts"}],"about":[{"href":"https:\/\/romanistyka.wn.uw.edu.pl\/index.php\/wp-json\/wp\/v2\/types\/post"}],"author":[{"embeddable":true,"href":"https:\/\/romanistyka.wn.uw.edu.pl\/index.php\/wp-json\/wp\/v2\/users\/6"}],"replies":[{"embeddable":true,"href":"https:\/\/romanistyka.wn.uw.edu.pl\/index.php\/wp-json\/wp\/v2\/comments?post=6329"}],"version-history":[{"count":1,"href":"https:\/\/romanistyka.wn.uw.edu.pl\/index.php\/wp-json\/wp\/v2\/posts\/6329\/revisions"}],"predecessor-version":[{"id":6330,"href":"https:\/\/romanistyka.wn.uw.edu.pl\/index.php\/wp-json\/wp\/v2\/posts\/6329\/revisions\/6330"}],"wp:featuredmedia":[{"embeddable":true,"href":"https:\/\/romanistyka.wn.uw.edu.pl\/index.php\/wp-json\/wp\/v2\/media\/4926"}],"wp:attachment":[{"href":"https:\/\/romanistyka.wn.uw.edu.pl\/index.php\/wp-json\/wp\/v2\/media?parent=6329"}],"wp:term":[{"taxonomy":"category","embeddable":true,"href":"https:\/\/romanistyka.wn.uw.edu.pl\/index.php\/wp-json\/wp\/v2\/categories?post=6329"},{"taxonomy":"post_tag","embeddable":true,"href":"https:\/\/romanistyka.wn.uw.edu.pl\/index.php\/wp-json\/wp\/v2\/tags?post=6329"}],"curies":[{"name":"wp","href":"https:\/\/api.w.org\/{rel}","templated":true}]}}