{"id":6310,"date":"2025-05-23T10:13:08","date_gmt":"2025-05-23T10:13:08","guid":{"rendered":"https:\/\/romanistyka.wn.uw.edu.pl\/?p=6310"},"modified":"2025-05-23T10:15:47","modified_gmt":"2025-05-23T10:15:47","slug":"oferta-stazu-w-oficynie-literackiej-noir-sur-blanc","status":"publish","type":"post","link":"https:\/\/romanistyka.wn.uw.edu.pl\/index.php\/2025\/05\/23\/oferta-stazu-w-oficynie-literackiej-noir-sur-blanc\/","title":{"rendered":"Oferta sta\u017cu w Oficynie Literackiej Noir sur Blanc"},"content":{"rendered":"\n<p class=\"has-large-font-size wp-block-paragraph\">Drogie osoby studiuj\u0105ce,<\/p>\n\n\n\n<p class=\"has-large-font-size wp-block-paragraph\">Przekazujemy ofert\u0119 sta\u017cu w Oficynie Literackiej Noir sur Blanc. Wszystkie szczeg\u00f3\u0142y znajdziecie poni\u017cej.<\/p>\n\n\n\n<div style=\"height:21px\" aria-hidden=\"true\" class=\"wp-block-spacer\"><\/div>\n\n\n\n<h2 class=\"wp-block-heading\"><strong>Oferowane stanowiska:<\/strong><\/h2>\n\n\n\n<p class=\"wp-block-paragraph\">Praktyki w dziale redakcji Oficyny Literackiej Noir sur Blanc<\/p>\n\n\n\n<p class=\"wp-block-paragraph\">Praktyki w dziale promocji Oficyny Literackiej Noir sur Blanc<\/p>\n\n\n\n<p class=\"wp-block-paragraph\"><strong>Forma zatrudnienia:<\/strong> umowa cywilno-prawna<\/p>\n\n\n\n<p class=\"wp-block-paragraph\"><strong>Przyjmowanie zg\u0142osze\u0144<\/strong>:&nbsp; 26.05.2025 \u2013 20.06.2025<\/p>\n\n\n\n<p class=\"wp-block-paragraph\"><strong>Miejsce praktyk:<\/strong> zdalnie \/ stacjonarnie ul. Frascati 18, Warszawa<\/p>\n\n\n\n<p class=\"wp-block-paragraph\"><strong>Ilo\u015b\u0107 stanowisk<\/strong>: 2<\/p>\n\n\n\n<p class=\"wp-block-paragraph\"><strong>Firmowy adres e-mail:<\/strong> redakcja@noir.pl.pl<\/p>\n\n\n\n<h2 class=\"wp-block-heading\" style=\"padding-top:var(--wp--preset--spacing--50)\"><strong>Opis praktyk<\/strong><\/h2>\n\n\n\n<p class=\"has-medium-font-size wp-block-paragraph\">Zapraszamy do zg\u0142osze\u0144 na praktyki w dw\u00f3ch dzia\u0142ach w naszym wydawnictwie, redakcji i promocji.<\/p>\n\n\n\n<p class=\"has-medium-font-size wp-block-paragraph\">Je\u015bli ciekawi Ci\u0119 jak powstaj\u0105 ksi\u0105\u017cki, jak przebiega praca nad tekstem, wsp\u00f3\u0142praca z t\u0142umaczem i redaktorem, jaka jest droga ksi\u0105\u017cki od pliku tekstowego do wydania, kt\u00f3re kupujesz w ksi\u0119garni, sta\u017c w dziale redakcji mo\u017ce by\u0107 dla Ciebie.<\/p>\n\n\n\n<p class=\"has-medium-font-size wp-block-paragraph\">Je\u015bli kochasz czyta\u0107, aktywnie publikujesz w mediach spo\u0142eczno\u015bciowych, masz dobre pi\u00f3ro i g\u0142ow\u0119 pe\u0142n\u0105 pomys\u0142\u00f3w \u2013 zapraszamy do dzia\u0142u promocji.<\/p>\n\n\n\n<h2 class=\"wp-block-heading has-large-font-size\" style=\"padding-top:var(--wp--preset--spacing--40)\"><strong>Czego oczekujemy?<\/strong><\/h2>\n\n\n\n<h3 class=\"wp-block-heading\">Praktyki w dziale redakcji:<\/h3>\n\n\n\n<ul class=\"wp-block-list has-medium-font-size\">\n<li>zainteresowanie literatur\u0105 i bran\u017c\u0105 wydawnicz\u0105<\/li>\n\n\n\n<li>wysokie kompetencje j\u0119zykowe \u2013 obowi\u0105zkowo w zakresie j\u0119zyka polskiego i mile widziane w zakresie j\u0119zyk\u00f3w obcych (angielski, w\u0142oski, hiszpa\u0144ski, francuski)<\/li>\n\n\n\n<li>obowi\u0105zkowo\u015b\u0107, sumienno\u015b\u0107, skrupulatno\u015b\u0107<\/li>\n\n\n\n<li>uczestnictwo w warsztatach dla t\u0142umaczy organizowanych przez Oficyn\u0119 Literack\u0105 Noir sur Blanc we wsp\u00f3\u0142pracy z Instytutem Romanistyki b\u0119dzie dodatkowym atutem w procesie rekrutacji<\/li>\n<\/ul>\n\n\n\n<h3 class=\"wp-block-heading\">Praktyki w dziale promocji:<\/h3>\n\n\n\n<ul class=\"wp-block-list has-medium-font-size\">\n<li>zainteresowanie literatur\u0105 i bran\u017c\u0105 wydawnicz\u0105<\/li>\n\n\n\n<li>obycia z mediami spo\u0142eczno\u015bciowymi (Instagram, Facebook, TikTok)<\/li>\n\n\n\n<li>kreatywno\u015bci i komunikatywno\u015bci<\/li>\n\n\n\n<li>umiej\u0119tno\u015bci kreatywnego pisania<\/li>\n\n\n\n<li>uczestnictwo w warsztatach dla t\u0142umaczy organizowanych przez Oficyn\u0119 Literack\u0105 Noir sur Blanc we wsp\u00f3\u0142pracy z Instytutem Romanistyki b\u0119dzie dodatkowym atutem w procesie rekrutacji<\/li>\n<\/ul>\n\n\n\n<h2 class=\"wp-block-heading\" style=\"padding-top:var(--wp--preset--spacing--50)\"><strong>Co proponujemy?<\/strong><\/h2>\n\n\n\n<h3 class=\"wp-block-heading\">Praktyki w dziale redakcji:<\/h3>\n\n\n\n<ul class=\"wp-block-list has-medium-font-size\">\n<li>uczestniczenie w pracach redakcyjnych na wszystkich etapach projektu wydawniczego od przyj\u0119cia t\u0142umaczenia, przez prac\u0119 nad tekstem i projektem graficznym ksi\u0105\u017cki, po jej przygotowywanie do druku z perspektywy redaktora<\/li>\n\n\n\n<li>kontakty z t\u0142umaczami, redaktorami, korektorami, studiami DTP, grafikami, poznanie od kuchni pracy wydawnictwa<\/li>\n\n\n\n<li>uczestniczenie w kolegiach wydawniczych i dyskusjach wok\u00f3\u0142 ksi\u0105\u017ckowych projekt\u00f3w, propozycji wydawniczych itp.<\/li>\n<\/ul>\n\n\n\n<h3 class=\"wp-block-heading\">Praktyki w dziale promocji:<\/h3>\n\n\n\n<ul class=\"wp-block-list has-medium-font-size\">\n<li class=\"has-medium-font-size\">uczestniczenie w powstawaniu plan\u00f3w promocyjnych naszych tytu\u0142\u00f3w i dyskusjach o nich<\/li>\n\n\n\n<li>uczestniczenie w tworzeniu tre\u015bci w naszych mediach spo\u0142eczno\u015bciowych i komunikacji promocyjnej naszych tytu\u0142\u00f3w<\/li>\n\n\n\n<li>kontakty z dziennikarzami, influencerami i instytucjami, z kt\u00f3rymi wsp\u00f3\u0142pracujemy przy promocji ksi\u0105\u017cek<\/li>\n<\/ul>\n\n\n\n<h2 class=\"wp-block-heading\" style=\"padding-top:var(--wp--preset--spacing--50)\">Pozosta\u0142e informacje<\/h2>\n\n\n\n<p class=\"wp-block-paragraph\"><strong>Mo\u017cliwo\u015b\u0107 dalszej wsp\u00f3\u0142pracy po zako\u0144czeniu praktyk<\/strong><\/p>\n\n\n\n<p class=\"wp-block-paragraph\"><strong>Forma sk\u0142adania aplikacji: <\/strong>mailowo na adres <a href=\"mailto:redakcja@noir.pl\">redakcja@noir.pl<\/a> (w temacie maila prosimy wpisa\u0107 \u201ePraktyki IR UW\u201d)<\/p>\n\n\n\n<p class=\"wp-block-paragraph\"><strong>Przyjmowanie zg\u0142osze\u0144<\/strong>:&nbsp; 26.05.2025 \u2013 20.06.2025<\/p>\n\n\n\n<p class=\"wp-block-paragraph\"><strong>Termin odbywania praktyk<\/strong>: lipiec &#8211; wrzesie\u0144 2025 r. (do uzgodnienia)<\/p>\n\n\n\n<p class=\"wp-block-paragraph\"><strong>Forma praktyk<\/strong>: zdalna i stacjonarna (ul. Frascati 18, Warszawa)<\/p>\n\n\n\n<p class=\"wp-block-paragraph\">Na zg\u0142oszenia czekamy do 20.06.2025 r. pod adresem: redakcja@noir.pl. PROSIMY O UMIESZCZENIE W CV PONI\u017bSZEJ KLAUZULI: \u201eWyra\u017cam zgod\u0119 na przetwarzanie moich danych osobowych przez Oficyna Literacka Noir sur Blanc Sp. z o.o. w celu prowadzenia rekrutacji na praktyki studenckie w Oficynie Literackiej Noir sur Blanc&#8221;.<\/p>\n","protected":false},"excerpt":{"rendered":"<p>Drogie osoby studiuj\u0105ce, Przekazujemy ofert\u0119 sta\u017cu w Oficynie Literackiej Noir sur Blanc. Wszystkie szczeg\u00f3\u0142y znajdziecie poni\u017cej. Oferowane stanowiska: Praktyki w dziale redakcji Oficyny Literackiej Noir sur Blanc Praktyki w dziale promocji Oficyny Literackiej Noir sur Blanc Forma zatrudnienia: umowa cywilno-prawna Przyjmowanie zg\u0142osze\u0144:&nbsp; 26.05.2025 \u2013 20.06.2025 Miejsce praktyk: zdalnie \/ stacjonarnie ul. Frascati 18, Warszawa Ilo\u015b\u0107 [&hellip;]<\/p>\n","protected":false},"author":15,"featured_media":6315,"comment_status":"closed","ping_status":"open","sticky":false,"template":"","format":"standard","meta":{"footnotes":""},"categories":[8,7,37],"tags":[],"class_list":["post-6310","post","type-post","status-publish","format-standard","has-post-thumbnail","hentry","category-aktualnosci","category-ogloszenia-dla-studentow","category-ogloszenia-dla-studentow-fr"],"_links":{"self":[{"href":"https:\/\/romanistyka.wn.uw.edu.pl\/index.php\/wp-json\/wp\/v2\/posts\/6310","targetHints":{"allow":["GET"]}}],"collection":[{"href":"https:\/\/romanistyka.wn.uw.edu.pl\/index.php\/wp-json\/wp\/v2\/posts"}],"about":[{"href":"https:\/\/romanistyka.wn.uw.edu.pl\/index.php\/wp-json\/wp\/v2\/types\/post"}],"author":[{"embeddable":true,"href":"https:\/\/romanistyka.wn.uw.edu.pl\/index.php\/wp-json\/wp\/v2\/users\/15"}],"replies":[{"embeddable":true,"href":"https:\/\/romanistyka.wn.uw.edu.pl\/index.php\/wp-json\/wp\/v2\/comments?post=6310"}],"version-history":[{"count":4,"href":"https:\/\/romanistyka.wn.uw.edu.pl\/index.php\/wp-json\/wp\/v2\/posts\/6310\/revisions"}],"predecessor-version":[{"id":6314,"href":"https:\/\/romanistyka.wn.uw.edu.pl\/index.php\/wp-json\/wp\/v2\/posts\/6310\/revisions\/6314"}],"wp:featuredmedia":[{"embeddable":true,"href":"https:\/\/romanistyka.wn.uw.edu.pl\/index.php\/wp-json\/wp\/v2\/media\/6315"}],"wp:attachment":[{"href":"https:\/\/romanistyka.wn.uw.edu.pl\/index.php\/wp-json\/wp\/v2\/media?parent=6310"}],"wp:term":[{"taxonomy":"category","embeddable":true,"href":"https:\/\/romanistyka.wn.uw.edu.pl\/index.php\/wp-json\/wp\/v2\/categories?post=6310"},{"taxonomy":"post_tag","embeddable":true,"href":"https:\/\/romanistyka.wn.uw.edu.pl\/index.php\/wp-json\/wp\/v2\/tags?post=6310"}],"curies":[{"name":"wp","href":"https:\/\/api.w.org\/{rel}","templated":true}]}}