{"id":5105,"date":"2025-05-07T07:02:37","date_gmt":"2025-05-07T07:02:37","guid":{"rendered":"https:\/\/romanistyka.wn.uw.edu.pl\/?p=5105"},"modified":"2025-05-15T12:42:04","modified_gmt":"2025-05-15T12:42:04","slug":"konferencja-naukowa-cialo-odmienca","status":"publish","type":"post","link":"https:\/\/romanistyka.wn.uw.edu.pl\/index.php\/2025\/05\/07\/konferencja-naukowa-cialo-odmienca\/","title":{"rendered":"Konferencja naukowa &#8222;Cia\u0142o odmie\u0144ca&#8221;"},"content":{"rendered":"\n<p class=\"wp-block-paragraph\">W dniach 26-27 maja serdecznie zapraszamy na konferencj\u0119 naukow\u0105 &#8222;Cia\u0142o odmie\u0144ca&#8221; organizowan\u0105 w Instytucie Romanistyki przez dr hab. prof. ucz. Ma\u0142gorzat\u0119 Soko\u0142owicz i dr hab. prof. ucz. Agat\u0119 Sobczyk.<\/p>\n\n\n\n<div class=\"wp-block-file\"><a id=\"wp-block-file--media-485914ab-cf60-463d-bfd0-82c90356b50a\" href=\"https:\/\/romanistyka.wn.uw.edu.pl\/wp-content\/uploads\/2025\/05\/Program_Odmiency_05-last.pdf\">Program konferencji &#8222;Cia\u0142o odmie\u0144ca&#8221; (dokument PDF)<\/a><a href=\"https:\/\/romanistyka.wn.uw.edu.pl\/wp-content\/uploads\/2025\/05\/Program_Odmiency_05-last.pdf\" class=\"wp-block-file__button wp-element-button\" download aria-describedby=\"wp-block-file--media-485914ab-cf60-463d-bfd0-82c90356b50a\">Pobierz<\/a><\/div>\n","protected":false},"excerpt":{"rendered":"<p>W dniach 26-27 maja serdecznie zapraszamy na konferencj\u0119 naukow\u0105 &#8222;Cia\u0142o odmie\u0144ca&#8221; organizowan\u0105 w Instytucie Romanistyki przez dr hab. prof. ucz. Ma\u0142gorzat\u0119 Soko\u0142owicz i dr hab. prof. ucz. Agat\u0119 Sobczyk.<\/p>\n","protected":false},"author":9,"featured_media":5203,"comment_status":"closed","ping_status":"open","sticky":false,"template":"","format":"standard","meta":{"footnotes":""},"categories":[8,9],"tags":[],"class_list":["post-5105","post","type-post","status-publish","format-standard","has-post-thumbnail","hentry","category-aktualnosci","category-wydarzenia"],"_links":{"self":[{"href":"https:\/\/romanistyka.wn.uw.edu.pl\/index.php\/wp-json\/wp\/v2\/posts\/5105","targetHints":{"allow":["GET"]}}],"collection":[{"href":"https:\/\/romanistyka.wn.uw.edu.pl\/index.php\/wp-json\/wp\/v2\/posts"}],"about":[{"href":"https:\/\/romanistyka.wn.uw.edu.pl\/index.php\/wp-json\/wp\/v2\/types\/post"}],"author":[{"embeddable":true,"href":"https:\/\/romanistyka.wn.uw.edu.pl\/index.php\/wp-json\/wp\/v2\/users\/9"}],"replies":[{"embeddable":true,"href":"https:\/\/romanistyka.wn.uw.edu.pl\/index.php\/wp-json\/wp\/v2\/comments?post=5105"}],"version-history":[{"count":5,"href":"https:\/\/romanistyka.wn.uw.edu.pl\/index.php\/wp-json\/wp\/v2\/posts\/5105\/revisions"}],"predecessor-version":[{"id":5680,"href":"https:\/\/romanistyka.wn.uw.edu.pl\/index.php\/wp-json\/wp\/v2\/posts\/5105\/revisions\/5680"}],"wp:featuredmedia":[{"embeddable":true,"href":"https:\/\/romanistyka.wn.uw.edu.pl\/index.php\/wp-json\/wp\/v2\/media\/5203"}],"wp:attachment":[{"href":"https:\/\/romanistyka.wn.uw.edu.pl\/index.php\/wp-json\/wp\/v2\/media?parent=5105"}],"wp:term":[{"taxonomy":"category","embeddable":true,"href":"https:\/\/romanistyka.wn.uw.edu.pl\/index.php\/wp-json\/wp\/v2\/categories?post=5105"},{"taxonomy":"post_tag","embeddable":true,"href":"https:\/\/romanistyka.wn.uw.edu.pl\/index.php\/wp-json\/wp\/v2\/tags?post=5105"}],"curies":[{"name":"wp","href":"https:\/\/api.w.org\/{rel}","templated":true}]}}