{"id":4038,"date":"2025-04-08T20:07:06","date_gmt":"2025-04-08T20:07:06","guid":{"rendered":"https:\/\/romanistyka.wn.uw.edu.pl\/?p=4038"},"modified":"2025-05-16T20:47:25","modified_gmt":"2025-05-16T20:47:25","slug":"konferencja-quelles-formes-narratives-pour-lecologie","status":"publish","type":"post","link":"https:\/\/romanistyka.wn.uw.edu.pl\/index.php\/2025\/04\/08\/konferencja-quelles-formes-narratives-pour-lecologie\/","title":{"rendered":"Konferencja Quelles formes narratives pour l&#8217;\u00e9cologie"},"content":{"rendered":"\n<p class=\"wp-block-paragraph\">Serdecznie zapraszamy na konferencj\u0119 literaturoznawcz\u0105 pt. <em>Quelles formes narratives pour l&#8217;\u00e9cologie<\/em>, organizowan\u0105 przez prof. Judyt\u0119 Zbiersk\u0105-Mo\u015bcick\u0105, dr Alessi\u0119 Vignoli oraz prof. Jean-Paula Engeliberta (Universit\u00e9 Bordeaux-Montaigne)<em>. &nbsp;<\/em><\/p>\n\n\n\n<p class=\"wp-block-paragraph\">Wydarzenie&nbsp;odb\u0119dzie si\u0119 <strong>w Instytucie Romanistyki w dniach 24.04-26.04.2025 r.<\/strong> Konferencja b\u0119dzie po\u015bwi\u0119cona badaniom ekokrytycznym i ekopoetyckim w literaturze francuskoj\u0119zycznej. Program wydarzenia w za\u0142\u0105czeniu.&nbsp;<\/p>\n\n\n\n<p class=\"wp-block-paragraph\">Polecamy r\u00f3wnie\u017c najnowszy <strong>odcinek podcastu <\/strong><em><strong>NeoTalk<\/strong>&nbsp;<\/em>pt. <strong>&#8222;Literatura w obliczu katastrofy klimatycznej&#8221;<em>, <\/em><\/strong>kt\u00f3rego go\u015bcini\u0105 jest prof. Judyta Zbierska-Mo\u015bcicka. Podcastu wys\u0142uchaj\u0105 Pa\u0144stwo np. na youtubie (link poni\u017cej) lub w serwisie Spotify.<\/p>\n\n\n\n<p class=\"wp-block-paragraph\"><a href=\"https:\/\/www.youtube.com\/watch?v=VrbyTyvNJYY&amp;list=PLjW9xLqtlKL3gKWrb54aR9QmsB4uY4wZX\">https:\/\/www.youtube.com\/watch?v=VrbyTyvNJYY&amp;list=PLjW9xLqtlKL3gKWrb54aR9QmsB4uY4wZX<\/a><\/p>\n\n\n\n<div data-wp-interactive=\"core\/file\" class=\"wp-block-file\"><object data-wp-bind--hidden=\"!state.hasPdfPreview\" hidden class=\"wp-block-file__embed\" data=\"https:\/\/romanistyka.wn.uw.edu.pl\/wp-content\/uploads\/2025\/04\/Programme-Quelles-formes-narratives-pour-lecologie.pdf\" type=\"application\/pdf\" style=\"width:100%;height:600px\" aria-label=\"Osadzone z Programme Quelles formes narratives pour l&apos;\u00e9cologie.\"><\/object><a id=\"wp-block-file--media-b2b0b945-b620-4bd8-ae30-2cfccf62662d\" href=\"https:\/\/romanistyka.wn.uw.edu.pl\/wp-content\/uploads\/2025\/04\/Programme-Quelles-formes-narratives-pour-lecologie.pdf\">Programme Quelles formes narratives pour l&#8217;\u00e9cologie<\/a><a href=\"https:\/\/romanistyka.wn.uw.edu.pl\/wp-content\/uploads\/2025\/04\/Programme-Quelles-formes-narratives-pour-lecologie.pdf\" class=\"wp-block-file__button wp-element-button\" download aria-describedby=\"wp-block-file--media-b2b0b945-b620-4bd8-ae30-2cfccf62662d\">Pobierz<\/a><\/div>\n\n\n\n<p class=\"wp-block-paragraph\"><\/p>\n","protected":false},"excerpt":{"rendered":"<p>Serdecznie zapraszamy na konferencj\u0119 literaturoznawcz\u0105 pt. Quelles formes narratives pour l&#8217;\u00e9cologie, organizowan\u0105 przez prof. Judyt\u0119 Zbiersk\u0105-Mo\u015bcick\u0105, dr Alessi\u0119 Vignoli oraz prof. Jean-Paula Engeliberta (Universit\u00e9 Bordeaux-Montaigne). &nbsp; Wydarzenie&nbsp;odb\u0119dzie si\u0119 w Instytucie Romanistyki w dniach 24.04-26.04.2025 r. Konferencja b\u0119dzie po\u015bwi\u0119cona badaniom ekokrytycznym i ekopoetyckim w literaturze francuskoj\u0119zycznej. Program wydarzenia w za\u0142\u0105czeniu.&nbsp; Polecamy r\u00f3wnie\u017c najnowszy odcinek podcastu NeoTalk&nbsp;pt. [&hellip;]<\/p>\n","protected":false},"author":9,"featured_media":0,"comment_status":"closed","ping_status":"open","sticky":false,"template":"","format":"standard","meta":{"footnotes":""},"categories":[8,9],"tags":[],"class_list":["post-4038","post","type-post","status-publish","format-standard","hentry","category-aktualnosci","category-wydarzenia"],"_links":{"self":[{"href":"https:\/\/romanistyka.wn.uw.edu.pl\/index.php\/wp-json\/wp\/v2\/posts\/4038","targetHints":{"allow":["GET"]}}],"collection":[{"href":"https:\/\/romanistyka.wn.uw.edu.pl\/index.php\/wp-json\/wp\/v2\/posts"}],"about":[{"href":"https:\/\/romanistyka.wn.uw.edu.pl\/index.php\/wp-json\/wp\/v2\/types\/post"}],"author":[{"embeddable":true,"href":"https:\/\/romanistyka.wn.uw.edu.pl\/index.php\/wp-json\/wp\/v2\/users\/9"}],"replies":[{"embeddable":true,"href":"https:\/\/romanistyka.wn.uw.edu.pl\/index.php\/wp-json\/wp\/v2\/comments?post=4038"}],"version-history":[{"count":5,"href":"https:\/\/romanistyka.wn.uw.edu.pl\/index.php\/wp-json\/wp\/v2\/posts\/4038\/revisions"}],"predecessor-version":[{"id":5734,"href":"https:\/\/romanistyka.wn.uw.edu.pl\/index.php\/wp-json\/wp\/v2\/posts\/4038\/revisions\/5734"}],"wp:attachment":[{"href":"https:\/\/romanistyka.wn.uw.edu.pl\/index.php\/wp-json\/wp\/v2\/media?parent=4038"}],"wp:term":[{"taxonomy":"category","embeddable":true,"href":"https:\/\/romanistyka.wn.uw.edu.pl\/index.php\/wp-json\/wp\/v2\/categories?post=4038"},{"taxonomy":"post_tag","embeddable":true,"href":"https:\/\/romanistyka.wn.uw.edu.pl\/index.php\/wp-json\/wp\/v2\/tags?post=4038"}],"curies":[{"name":"wp","href":"https:\/\/api.w.org\/{rel}","templated":true}]}}