{"id":4035,"date":"2025-04-08T14:23:56","date_gmt":"2025-04-08T14:23:56","guid":{"rendered":"https:\/\/romanistyka.wn.uw.edu.pl\/?p=4035"},"modified":"2025-04-08T14:23:56","modified_gmt":"2025-04-08T14:23:56","slug":"nabor-wnioskow-na-mieszane-programy-intensywne-blended-intensive-programmes-dla-uczelni-z-konsorcjum-4eu","status":"publish","type":"post","link":"https:\/\/romanistyka.wn.uw.edu.pl\/index.php\/2025\/04\/08\/nabor-wnioskow-na-mieszane-programy-intensywne-blended-intensive-programmes-dla-uczelni-z-konsorcjum-4eu\/","title":{"rendered":"Nab\u00f3r wniosk\u00f3w na Mieszane Programy Intensywne (Blended Intensive Programmes) dla uczelni z konsorcjum 4EU+"},"content":{"rendered":"\n<p class=\"wp-block-paragraph\">BWZ informuje, \u017ce otwarty zosta\u0142 nab\u00f3r wniosk\u00f3w na Mieszane Programy Intensywne (Blended Intensive Programmes \u2013 BIP)&nbsp;<strong>w ramach Sojuszu 4EU+.<\/strong>&nbsp;Nab\u00f3r wniosk\u00f3w zako\u0144czy si\u0119&nbsp;<strong>30 kwietnia br.<\/strong>&nbsp;W ramach obecnie otwartego pilota\u017cowego naboru zostanie wybranych pi\u0119\u0107 BIP-\u00f3w, w tym jeden, w kt\u00f3rym UW jest organizatorem.<\/p>\n\n\n\n<p class=\"wp-block-paragraph\">Szczeg\u00f3\u0142owe informacje na temat naboru mo\u017cna znale\u017a\u0107 na stronie internetowej 4EU+ w j\u0119zyku angielskim:&nbsp;<a href=\"https:\/\/4euplus.eu\/4EU-1088.html\" target=\"_blank\" rel=\"noreferrer noopener\">https:\/\/4euplus.eu\/4EU-1088.html<\/a>.<\/p>\n\n\n\n<p class=\"wp-block-paragraph\">Pytania dot. BIP\u00f3w 4EU+ &nbsp;prosimy kierowa\u0107 do p. Klementyny Kielak (<a href=\"mailto:klementyna.kielak@adm.uw.edu.pl\" target=\"_blank\" rel=\"noreferrer noopener\">klementyna.kielak@adm.uw.edu.pl<\/a>; tel. 22 55 24 070).<\/p>\n","protected":false},"excerpt":{"rendered":"<p>BWZ informuje, \u017ce otwarty zosta\u0142 nab\u00f3r wniosk\u00f3w na Mieszane Programy Intensywne (Blended Intensive Programmes \u2013 BIP)&nbsp;w ramach Sojuszu 4EU+.&nbsp;Nab\u00f3r wniosk\u00f3w zako\u0144czy si\u0119&nbsp;30 kwietnia br.&nbsp;W ramach obecnie otwartego pilota\u017cowego naboru zostanie wybranych pi\u0119\u0107 BIP-\u00f3w, w tym jeden, w kt\u00f3rym UW jest organizatorem. Szczeg\u00f3\u0142owe informacje na temat naboru mo\u017cna znale\u017a\u0107 na stronie internetowej 4EU+ w j\u0119zyku angielskim:&nbsp;https:\/\/4euplus.eu\/4EU-1088.html. [&hellip;]<\/p>\n","protected":false},"author":12,"featured_media":0,"comment_status":"closed","ping_status":"open","sticky":false,"template":"","format":"standard","meta":{"footnotes":""},"categories":[6],"tags":[],"class_list":["post-4035","post","type-post","status-publish","format-standard","hentry","category-ogloszenia-dla-pracownikow"],"_links":{"self":[{"href":"https:\/\/romanistyka.wn.uw.edu.pl\/index.php\/wp-json\/wp\/v2\/posts\/4035","targetHints":{"allow":["GET"]}}],"collection":[{"href":"https:\/\/romanistyka.wn.uw.edu.pl\/index.php\/wp-json\/wp\/v2\/posts"}],"about":[{"href":"https:\/\/romanistyka.wn.uw.edu.pl\/index.php\/wp-json\/wp\/v2\/types\/post"}],"author":[{"embeddable":true,"href":"https:\/\/romanistyka.wn.uw.edu.pl\/index.php\/wp-json\/wp\/v2\/users\/12"}],"replies":[{"embeddable":true,"href":"https:\/\/romanistyka.wn.uw.edu.pl\/index.php\/wp-json\/wp\/v2\/comments?post=4035"}],"version-history":[{"count":1,"href":"https:\/\/romanistyka.wn.uw.edu.pl\/index.php\/wp-json\/wp\/v2\/posts\/4035\/revisions"}],"predecessor-version":[{"id":4036,"href":"https:\/\/romanistyka.wn.uw.edu.pl\/index.php\/wp-json\/wp\/v2\/posts\/4035\/revisions\/4036"}],"wp:attachment":[{"href":"https:\/\/romanistyka.wn.uw.edu.pl\/index.php\/wp-json\/wp\/v2\/media?parent=4035"}],"wp:term":[{"taxonomy":"category","embeddable":true,"href":"https:\/\/romanistyka.wn.uw.edu.pl\/index.php\/wp-json\/wp\/v2\/categories?post=4035"},{"taxonomy":"post_tag","embeddable":true,"href":"https:\/\/romanistyka.wn.uw.edu.pl\/index.php\/wp-json\/wp\/v2\/tags?post=4035"}],"curies":[{"name":"wp","href":"https:\/\/api.w.org\/{rel}","templated":true}]}}