{"id":3955,"date":"2025-03-06T10:09:19","date_gmt":"2025-03-06T10:09:19","guid":{"rendered":"https:\/\/romanistyka.wn.uw.edu.pl\/?p=3955"},"modified":"2025-03-06T10:09:19","modified_gmt":"2025-03-06T10:09:19","slug":"zapraszamy-na-kolejne-spotkanie-kmkf","status":"publish","type":"post","link":"https:\/\/romanistyka.wn.uw.edu.pl\/index.php\/2025\/03\/06\/zapraszamy-na-kolejne-spotkanie-kmkf\/","title":{"rendered":"Zapraszamy na kolejne spotkanie KMKF"},"content":{"rendered":"\n<p class=\"wp-block-paragraph\">Zapraszamy na kolejne spotkanie Klubu Mi\u0142o\u015bnik\u00f3w Kultury Francuskiej.<\/p>\n\n\n\n<figure class=\"wp-block-gallery has-nested-images columns-default is-cropped wp-block-gallery-1 is-layout-flex wp-block-gallery-is-layout-flex\">\n<figure class=\"wp-block-image size-large\"><img loading=\"lazy\" decoding=\"async\" width=\"724\" height=\"1024\" data-id=\"3958\" src=\"https:\/\/romanistyka.wn.uw.edu.pl\/wp-content\/uploads\/2025\/03\/07-f-PLAKAT-KLUB-marzec-2025-1-724x1024.jpeg\" alt=\"\" class=\"wp-image-3958\" srcset=\"https:\/\/romanistyka.wn.uw.edu.pl\/wp-content\/uploads\/2025\/03\/07-f-PLAKAT-KLUB-marzec-2025-1-724x1024.jpeg 724w, https:\/\/romanistyka.wn.uw.edu.pl\/wp-content\/uploads\/2025\/03\/07-f-PLAKAT-KLUB-marzec-2025-1-212x300.jpeg 212w, https:\/\/romanistyka.wn.uw.edu.pl\/wp-content\/uploads\/2025\/03\/07-f-PLAKAT-KLUB-marzec-2025-1-768x1086.jpeg 768w, https:\/\/romanistyka.wn.uw.edu.pl\/wp-content\/uploads\/2025\/03\/07-f-PLAKAT-KLUB-marzec-2025-1-1086x1536.jpeg 1086w, https:\/\/romanistyka.wn.uw.edu.pl\/wp-content\/uploads\/2025\/03\/07-f-PLAKAT-KLUB-marzec-2025-1-1448x2048.jpeg 1448w, https:\/\/romanistyka.wn.uw.edu.pl\/wp-content\/uploads\/2025\/03\/07-f-PLAKAT-KLUB-marzec-2025-1-scaled.jpeg 1810w\" sizes=\"auto, (max-width: 724px) 100vw, 724px\" \/><\/figure>\n<\/figure>\n","protected":false},"excerpt":{"rendered":"<p>Zapraszamy na kolejne spotkanie Klubu Mi\u0142o\u015bnik\u00f3w Kultury Francuskiej.<\/p>\n","protected":false},"author":9,"featured_media":0,"comment_status":"closed","ping_status":"open","sticky":false,"template":"","format":"standard","meta":{"footnotes":""},"categories":[8,9],"tags":[],"class_list":["post-3955","post","type-post","status-publish","format-standard","hentry","category-aktualnosci","category-wydarzenia"],"_links":{"self":[{"href":"https:\/\/romanistyka.wn.uw.edu.pl\/index.php\/wp-json\/wp\/v2\/posts\/3955","targetHints":{"allow":["GET"]}}],"collection":[{"href":"https:\/\/romanistyka.wn.uw.edu.pl\/index.php\/wp-json\/wp\/v2\/posts"}],"about":[{"href":"https:\/\/romanistyka.wn.uw.edu.pl\/index.php\/wp-json\/wp\/v2\/types\/post"}],"author":[{"embeddable":true,"href":"https:\/\/romanistyka.wn.uw.edu.pl\/index.php\/wp-json\/wp\/v2\/users\/9"}],"replies":[{"embeddable":true,"href":"https:\/\/romanistyka.wn.uw.edu.pl\/index.php\/wp-json\/wp\/v2\/comments?post=3955"}],"version-history":[{"count":2,"href":"https:\/\/romanistyka.wn.uw.edu.pl\/index.php\/wp-json\/wp\/v2\/posts\/3955\/revisions"}],"predecessor-version":[{"id":3959,"href":"https:\/\/romanistyka.wn.uw.edu.pl\/index.php\/wp-json\/wp\/v2\/posts\/3955\/revisions\/3959"}],"wp:attachment":[{"href":"https:\/\/romanistyka.wn.uw.edu.pl\/index.php\/wp-json\/wp\/v2\/media?parent=3955"}],"wp:term":[{"taxonomy":"category","embeddable":true,"href":"https:\/\/romanistyka.wn.uw.edu.pl\/index.php\/wp-json\/wp\/v2\/categories?post=3955"},{"taxonomy":"post_tag","embeddable":true,"href":"https:\/\/romanistyka.wn.uw.edu.pl\/index.php\/wp-json\/wp\/v2\/tags?post=3955"}],"curies":[{"name":"wp","href":"https:\/\/api.w.org\/{rel}","templated":true}]}}