{"id":3922,"date":"2025-03-03T11:55:07","date_gmt":"2025-03-03T11:55:07","guid":{"rendered":"https:\/\/romanistyka.wn.uw.edu.pl\/?p=3922"},"modified":"2025-03-03T11:55:07","modified_gmt":"2025-03-03T11:55:07","slug":"rekrutacja-do-projektu-uczelnie-przyszlosci","status":"publish","type":"post","link":"https:\/\/romanistyka.wn.uw.edu.pl\/index.php\/2025\/03\/03\/rekrutacja-do-projektu-uczelnie-przyszlosci\/","title":{"rendered":"Rekrutacja do projektu &#8222;Uczelnie Przysz\u0142o\u015bci&#8221;"},"content":{"rendered":"<div>Szanowni Pa\u0144stwo,<\/div>\n<div>\u00a0<\/div>\n<div>w imieniu Rektora Macieja Rasia w za\u0142\u0105czeniu przesy\u0142am pismo Rektora nt. uruchomienia rekrutacji os\u00f3b studiuj\u0105cych do projektu &#8222;Uczelnie Przysz\u0142o\u015bci&#8221; wraz z dodatkowymi materia\u0142ami.<\/div>\n<div>\n<div>W celu wzi\u0119cia udzia\u0142u w rekrutacji nale\u017cy\u00a0<b><u>do 16 marca br.<\/u><\/b>\u00a0wype\u0142ni\u0107 formularz zg\u0142oszeniowy:\u00a0<a href=\"https:\/\/docs.google.com\/forms\/d\/e\/1FAIpQLScd0kSRSTyGm8xZbbkMZ-6dWUPS2MJcFYRNG5AMS57HYL6kbw\/viewform\" target=\"_blank\" rel=\"noopener\" data-saferedirecturl=\"https:\/\/www.google.com\/url?q=https:\/\/docs.google.com\/forms\/d\/e\/1FAIpQLScd0kSRSTyGm8xZbbkMZ-6dWUPS2MJcFYRNG5AMS57HYL6kbw\/viewform&amp;source=gmail&amp;ust=1741087047155000&amp;usg=AOvVaw3vXbIaOC1vrUcaHj7egs7F\">https:\/\/docs.google.com\/forms\/d\/e\/1FAIpQLScd0kSRSTyGm8xZbbkMZ-6dWUPS2MJcFYRNG5AMS57HYL6kbw\/viewform<\/a><\/div>\n<div>\u00a0<\/div>\n<div>Szczeg\u00f3\u0142owe informacje o projekcie znajduj\u0105 si\u0119 na stronie:\u00a0<a href=\"https:\/\/bid.uw.edu.pl\/uczelnie-przyszlosci\/\" target=\"_blank\" rel=\"noopener\" data-saferedirecturl=\"https:\/\/www.google.com\/url?q=https:\/\/bid.uw.edu.pl\/uczelnie-przyszlosci\/&amp;source=gmail&amp;ust=1741087047155000&amp;usg=AOvVaw2HHtj8hcdIy8KNQFbLvk0f\">https:\/\/bid.uw.edu.pl\/uczelnie-przyszlosci\/<\/a><\/div>\n<\/div>\n<div>\u00a0<\/div>\n<div>\u00a0<\/div>\n<div>\u00a0<\/div>\n<div>\u00a0<\/div>\n<div>\n<div>\u00a0<\/div>\n<\/div>\n<div>\u00a0<\/div>\n<div>\n<div>\u00a0<\/div>\n<\/div>\n\n\n<div class=\"wp-block-file\"><a id=\"wp-block-file--media-0e764623-3043-4d89-b14c-20916f59a858\" href=\"https:\/\/romanistyka.wn.uw.edu.pl\/wp-content\/uploads\/2025\/03\/Propozycje-wpisow-na-media-spolecznosciowe-i-strony-internetowe_Uczelnie-Przyszlosci-1.docx\">Propozycje wpis\u00f3w na media spo\u0142eczno\u015bciowe i strony internetowe_Uczelnie Przysz\u0142o\u015bci<\/a><a href=\"https:\/\/romanistyka.wn.uw.edu.pl\/wp-content\/uploads\/2025\/03\/Propozycje-wpisow-na-media-spolecznosciowe-i-strony-internetowe_Uczelnie-Przyszlosci-1.docx\" class=\"wp-block-file__button wp-element-button\" download aria-describedby=\"wp-block-file--media-0e764623-3043-4d89-b14c-20916f59a858\">Pobierz<\/a><\/div>\n\n\n\n<div data-wp-interactive=\"core\/file\" class=\"wp-block-file\"><object data-wp-bind--hidden=\"!state.hasPdfPreview\" hidden class=\"wp-block-file__embed\" data=\"https:\/\/romanistyka.wn.uw.edu.pl\/wp-content\/uploads\/2025\/03\/Pismo_Uczelnie-Przyszlosci_rekrutacja-2025-1.pdf\" type=\"application\/pdf\" style=\"width:100%;height:600px\" aria-label=\"Osadzone z Pismo_Uczelnie Przysz\u0142o\u015bci_rekrutacja 2025.\"><\/object><a id=\"wp-block-file--media-05743def-b123-45ce-9147-47406a733864\" href=\"https:\/\/romanistyka.wn.uw.edu.pl\/wp-content\/uploads\/2025\/03\/Pismo_Uczelnie-Przyszlosci_rekrutacja-2025-1.pdf\">Pismo_Uczelnie Przysz\u0142o\u015bci_rekrutacja 2025<\/a><a href=\"https:\/\/romanistyka.wn.uw.edu.pl\/wp-content\/uploads\/2025\/03\/Pismo_Uczelnie-Przyszlosci_rekrutacja-2025-1.pdf\" class=\"wp-block-file__button wp-element-button\" download aria-describedby=\"wp-block-file--media-05743def-b123-45ce-9147-47406a733864\">Pobierz<\/a><\/div>\n\n\n\n<div class=\"wp-block-file\"><a id=\"wp-block-file--media-5659f379-027a-46a0-9b43-3d7728d825e0\" href=\"https:\/\/romanistyka.wn.uw.edu.pl\/wp-content\/uploads\/2025\/03\/Start-rekrutacji_Uczelnie-Przyszlosci-1-scaled.jpg\">Start rekrutacji_Uczelnie Przysz\u0142o\u015bci<\/a><a href=\"https:\/\/romanistyka.wn.uw.edu.pl\/wp-content\/uploads\/2025\/03\/Start-rekrutacji_Uczelnie-Przyszlosci-1-scaled.jpg\" class=\"wp-block-file__button wp-element-button\" download aria-describedby=\"wp-block-file--media-5659f379-027a-46a0-9b43-3d7728d825e0\">Pobierz<\/a><\/div>\n","protected":false},"excerpt":{"rendered":"<p>Szanowni Pa\u0144stwo, \u00a0 w imieniu Rektora Macieja Rasia w za\u0142\u0105czeniu przesy\u0142am pismo Rektora nt. uruchomienia rekrutacji os\u00f3b studiuj\u0105cych do projektu &#8222;Uczelnie Przysz\u0142o\u015bci&#8221; wraz z dodatkowymi materia\u0142ami. W celu wzi\u0119cia udzia\u0142u w rekrutacji nale\u017cy\u00a0do 16 marca br.\u00a0wype\u0142ni\u0107 formularz zg\u0142oszeniowy:\u00a0https:\/\/docs.google.com\/forms\/d\/e\/1FAIpQLScd0kSRSTyGm8xZbbkMZ-6dWUPS2MJcFYRNG5AMS57HYL6kbw\/viewform \u00a0 Szczeg\u00f3\u0142owe informacje o projekcie znajduj\u0105 si\u0119 na stronie:\u00a0https:\/\/bid.uw.edu.pl\/uczelnie-przyszlosci\/ \u00a0 \u00a0 \u00a0 \u00a0 \u00a0 \u00a0 \u00a0<\/p>\n","protected":false},"author":6,"featured_media":0,"comment_status":"closed","ping_status":"open","sticky":false,"template":"","format":"standard","meta":{"footnotes":""},"categories":[8,7,37],"tags":[],"class_list":["post-3922","post","type-post","status-publish","format-standard","hentry","category-aktualnosci","category-ogloszenia-dla-studentow","category-ogloszenia-dla-studentow-fr"],"_links":{"self":[{"href":"https:\/\/romanistyka.wn.uw.edu.pl\/index.php\/wp-json\/wp\/v2\/posts\/3922","targetHints":{"allow":["GET"]}}],"collection":[{"href":"https:\/\/romanistyka.wn.uw.edu.pl\/index.php\/wp-json\/wp\/v2\/posts"}],"about":[{"href":"https:\/\/romanistyka.wn.uw.edu.pl\/index.php\/wp-json\/wp\/v2\/types\/post"}],"author":[{"embeddable":true,"href":"https:\/\/romanistyka.wn.uw.edu.pl\/index.php\/wp-json\/wp\/v2\/users\/6"}],"replies":[{"embeddable":true,"href":"https:\/\/romanistyka.wn.uw.edu.pl\/index.php\/wp-json\/wp\/v2\/comments?post=3922"}],"version-history":[{"count":1,"href":"https:\/\/romanistyka.wn.uw.edu.pl\/index.php\/wp-json\/wp\/v2\/posts\/3922\/revisions"}],"predecessor-version":[{"id":3929,"href":"https:\/\/romanistyka.wn.uw.edu.pl\/index.php\/wp-json\/wp\/v2\/posts\/3922\/revisions\/3929"}],"wp:attachment":[{"href":"https:\/\/romanistyka.wn.uw.edu.pl\/index.php\/wp-json\/wp\/v2\/media?parent=3922"}],"wp:term":[{"taxonomy":"category","embeddable":true,"href":"https:\/\/romanistyka.wn.uw.edu.pl\/index.php\/wp-json\/wp\/v2\/categories?post=3922"},{"taxonomy":"post_tag","embeddable":true,"href":"https:\/\/romanistyka.wn.uw.edu.pl\/index.php\/wp-json\/wp\/v2\/tags?post=3922"}],"curies":[{"name":"wp","href":"https:\/\/api.w.org\/{rel}","templated":true}]}}