{"id":3740,"date":"2025-01-21T08:38:56","date_gmt":"2025-01-21T08:38:56","guid":{"rendered":"https:\/\/romanistyka.wn.uw.edu.pl\/?p=3740"},"modified":"2025-01-21T08:38:56","modified_gmt":"2025-01-21T08:38:56","slug":"godziny-dyzurow-w-sesji-zimowej-2024-2025","status":"publish","type":"post","link":"https:\/\/romanistyka.wn.uw.edu.pl\/index.php\/2025\/01\/21\/godziny-dyzurow-w-sesji-zimowej-2024-2025\/","title":{"rendered":"Godziny dy\u017cur\u00f3w w Sesji Zimowej 2024\/2025"},"content":{"rendered":"\n<figure class=\"wp-block-table\"><table class=\"has-fixed-layout\"><tbody><tr><td><strong>PRACOWNIK<\/strong><\/td><td><strong>GODZINY DY\u017bURU<\/strong><\/td><td><strong>MIEJSCE DY\u017bURU (ONLINE \/ STACJONARNIE)<\/strong><\/td><\/tr><tr><td><a href=\"http:\/\/romanistyka.wn.uw.edu.pl\/index.php\/pracownicy\/ciostek-anna\/\">Anna Ciostek<\/a><\/td><td>czwartek 30.01.- godz..12-13<\/td><td>3.410 (po wcze\u015bniejszym um\u00f3wieniu)<\/td><\/tr><tr><td><a href=\"http:\/\/romanistyka.wn.uw.edu.pl\/index.php\/pracownicy\/agnieszka-dryjanska\/\">Agnieszka Dryja\u0144ska<\/a><\/td><td>Wtorek 4.02 o 12.00-13:00\u015aroda 5.02. o 12:00-13:00<\/td><td>3.410<\/td><\/tr><tr><td><a href=\"http:\/\/romanistyka.wn.uw.edu.pl\/index.php\/pracownicy\/fijalkowska-wanda\/\">Wanda Fija\u0142kowska<\/a><\/td><td>Czw 30.01. 16:30-17:30Wt 4.02. 9:45-10:45<\/td><td>3.419<\/td><\/tr><tr><td><a href=\"http:\/\/romanistyka.wn.uw.edu.pl\/index.php\/pracownicy\/grycan-magdalena\/\">Magdalena Grycan<\/a><\/td><td>Pn 27.01, 9.00-10.00Pn 3.02, 9.00-10.00<\/td><td>2.4152.415<\/td><\/tr><tr><td><a href=\"http:\/\/romanistyka.wn.uw.edu.pl\/index.php\/pracownicy\/izert-malgorzata\/\">Ma\u0142gorzata Izert<\/a><\/td><td>wt 28.01, godz. 14:00-15:00pt 31.01, godz. 13:00-14:00<\/td><td>3.419<\/td><\/tr><tr><td><a href=\"http:\/\/romanistyka.wn.uw.edu.pl\/index.php\/pracownicy\/janion-agnieszka\/\">Agnieszka Janion<\/a><\/td><td>pn. 29.01, godz. 11.00 &#8211; 12.00czw. 6.02, godz. 13.00 &#8211; 14.00<\/td><td>3.419<\/td><\/tr><tr><td><a href=\"https:\/\/romanistyka.wn.uw.edu.pl\/index.php\/pracownicy\/alicja-jaworska-kaska\/\">Alicja Jaworska-Kaska<\/a><\/td><td>wt. 28.01. godz. 10-11czw. 30.01. godz. 11-12czw. 6.02. godz. 13.30-14.30<\/td><td>3.419<\/td><\/tr><tr><td><a href=\"http:\/\/romanistyka.wn.uw.edu.pl\/index.php\/pracownicy\/kieliszczyk-anna\/\">Anna Kieliszczyk<\/a><\/td><td>urlop naukowy<\/td><td><\/td><\/tr><tr><td><a href=\"http:\/\/romanistyka.wn.uw.edu.pl\/index.php\/pracownicy\/klik-marcin\/\">Marcin Klik<\/a><\/td><td>czwartek 30.01, godz. 19.00 lub w innym terminie po um\u00f3wieniu spotkania<\/td><td>online (prosz\u0119 um\u00f3wi\u0107 si\u0119 wcze\u015bniej mailowo na spotkanie)<\/td><\/tr><tr><td><a href=\"http:\/\/romanistyka.wn.uw.edu.pl\/index.php\/pracownicy\/kostro-monika\/\">Monika Kostro<\/a><\/td><td>wtorek 28 stycznia, godz. 11:00-12:00; wtorek 4 lutego, godz. 10:00-11:00<\/td><td>s. 3.419<\/td><\/tr><tr><td><a href=\"http:\/\/romanistyka.wn.uw.edu.pl\/index.php\/pracownicy\/krawczyk-dariusz\/\">Dariusz Krawczyk<\/a><\/td><td>urlop naukowy<\/td><td><\/td><\/tr><tr><td><a href=\"http:\/\/romanistyka.wn.uw.edu.pl\/index.php\/pracownicy\/kroker-wieslaw\/\">Wies\u0142aw Kroker<\/a><\/td><td>czwartek 30.01., g. 15-16 (lub w innym terminie po wcze\u015bniejszym um\u00f3wieniu)<\/td><td>s. 3.414 (po wcze\u015bniejszym um\u00f3wieniu) lub online (po wcze\u015bniejszym um\u00f3wieniu)<\/td><\/tr><tr><td><a href=\"http:\/\/romanistyka.wn.uw.edu.pl\/index.php\/pracownicy\/kucharczyk-radoslaw\/\">Rados\u0142aw Kucharczyk<\/a><\/td><td>czwartek 30.01, godz. 16.00-17.00<\/td><td>gabinet nr 3.410<\/td><\/tr><tr><td><a href=\"http:\/\/romanistyka.wn.uw.edu.pl\/index.php\/pracownicy\/kulesza-monika\/\">Monika Kulesza<\/a><\/td><td>czwartek 30 I i 6 II godz. 12.00-13.00<\/td><td>oneline po wcze\u015bniejszym um\u00f3wieniu<\/td><\/tr><tr><td><a href=\"http:\/\/romanistyka.wn.uw.edu.pl\/index.php\/pracownicy\/malinowska-monika\/\">Monika Malinowska<\/a><\/td><td>wtorek 28.01, godz. 13.30-14.30<\/td><td>po wcze\u015bniejszym um\u00f3wieniu,gabinet 3.414<\/td><\/tr><tr><td><a href=\"http:\/\/romanistyka.wn.uw.edu.pl\/index.php\/pracownicy\/molska-malgorzata\/\">Ma\u0142gorzata Molska<\/a><\/td><td>czwartek 30.0114h30-16h00<\/td><td>3.410\/zoom.us<a href=\"https:\/\/docs.google.com\/document\/d\/13fQ8EPhsXnmvSqsd4MzeF1H9Opu9pjgnJe2x0hFXLFo\/edit?usp=sharing\">https:\/\/docs.google.com\/document\/d\/13fQ8EPhsXnmvSqsd4MzeF1H9Opu9pjgnJe2x0hFXLFo\/edit?usp=sharing<\/a><\/td><\/tr><tr><td><a href=\"http:\/\/romanistyka.wn.uw.edu.pl\/index.php\/pracownicy\/obszynski-michal\/\">Micha\u0142 Obszy\u0144ski<\/a><\/td><td>poniedzia\u0142ek, 3.02, 15-16.00<\/td><td>2011 lub zoom (po wcze\u015bniejszym um\u00f3wieniu mailowym)<\/td><\/tr><tr><td><a href=\"http:\/\/romanistyka.wn.uw.edu.pl\/index.php\/pracownicy\/opiela-mrozik-anna\/\">Anna Opiela-Mrozik<\/a><\/td><td>28.01. godz. 14:00-15:004.02. godz. 14:00-15:00<\/td><td>3.414 lub zdalnie po wcze\u015bniejszym um\u00f3wieniu mailowym<\/td><\/tr><tr><td><a href=\"http:\/\/romanistyka.wn.uw.edu.pl\/index.php\/pracownicy\/pachocinska-elzbieta\/\">El\u017cbieta Pachoci\u0144ska<\/a><\/td><td>28.01, godz. 16.30-17.30&nbsp;&nbsp;&nbsp;&nbsp;<\/td><td>3.419w innych terminach zdalnie (zoom) po wcze\u015bniejszym um\u00f3wieniu mailowym.<\/td><\/tr><tr><td><a href=\"http:\/\/romanistyka.wn.uw.edu.pl\/index.php\/pracownicy\/padzik-dorota\/\">Dorota Padzik<\/a><\/td><td>urlop&nbsp;<\/td><td><\/td><\/tr><tr><td><a href=\"http:\/\/romanistyka.wn.uw.edu.pl\/index.php\/pracownicy\/pilecka-ewa\/\">Ewa Pilecka<\/a><\/td><td>28.01 13.30-14.304.02 13.30-14.30<\/td><td>Stacjonarnie (3.419)<\/td><\/tr><tr><td><a href=\"http:\/\/romanistyka.wn.uw.edu.pl\/index.php\/pracownicy\/peeters-pascale\/\">Pascale Peeters<\/a><\/td><td>jeudi 30.01 &#8211; 15h-16h<\/td><td>3.410 &#8211; sur rendez-vous pris auparavant : p.peeters2uw.edu.pl<\/td><\/tr><tr><td><a href=\"http:\/\/romanistyka.wn.uw.edu.pl\/index.php\/pracownicy\/popowicz-kamil\/\">Kamil Popowicz<\/a><\/td><td>pi\u0105tek 31.01 15.00-16.00(po wcze\u015bniejszym um\u00f3wieniu)<\/td><td>w innych terminach po wcze\u015bniejszym um\u00f3wieniu<\/td><\/tr><tr><td>Maria Prandota<\/td><td>28.01 15.45-16.45 (stacjonarnie)4.02 9.30.10.30 (zoom)<\/td><td>3.410<br>zoom (ml.prandota@uw.edu.pl)<\/td><\/tr><tr><td><a href=\"http:\/\/romanistyka.wn.uw.edu.pl\/index.php\/pracownicy\/dryjanska-agnieszka\/\">Sara Del Rossi<\/a><\/td><td>30.01, godz. 16-1704.02 godz. 16-17<\/td><td>2.011<\/td><\/tr><tr><td><a href=\"http:\/\/romanistyka.wn.uw.edu.pl\/index.php\/pracownicy\/lucas-paul-skurczynski\/\">Lucas Skurczy\u0144ski<\/a><\/td><td><\/td><td>Zoom ou 3.410 sur RDV : l.skurczynski@uw.edu.pl<\/td><\/tr><tr><td><a href=\"http:\/\/romanistyka.wn.uw.edu.pl\/index.php\/pracownicy\/smuk-maciej\/\">Maciej Smuk<\/a><\/td><td>urlop&nbsp;<\/td><td><\/td><\/tr><tr><td><a href=\"http:\/\/romanistyka.wn.uw.edu.pl\/index.php\/pracownicy\/sobczyk-agata\/\">Agata Sobczyk<\/a><\/td><td>poniedzia\u0142ek 10.02 g. 11-12po wcze\u015bniejszym um\u00f3wieniu<\/td><td>zoom lub 3.414<\/td><\/tr><tr><td><a href=\"http:\/\/romanistyka.wn.uw.edu.pl\/index.php\/pracownicy\/sokolowicz-malgorzata\/\">Ma\u0142gorzata Soko\u0142owicz<\/a><\/td><td>urlop<\/td><td><\/td><\/tr><tr><td><a href=\"http:\/\/romanistyka.wn.uw.edu.pl\/index.php\/pracownicy\/sujecka-zajac-jolanta\/\">Jolanta Sujecka-Zaj\u0105c<\/a><\/td><td>29.01. g. 12-135.02 g. 10-11<\/td><td>3410mo\u017cliwo\u015b\u0107 um\u00f3wienia spotkania w innym terminie online<\/td><\/tr><tr><td><a href=\"http:\/\/romanistyka.wn.uw.edu.pl\/index.php\/pracownicy\/szeliga-dorota\/\">Dorota Szeliga<\/a><\/td><td>28.01.2025, g.12.00-13.0029.01.2025, g.12.30-13.30<\/td><td>po uprzednim um\u00f3wieniu mailowym,gabinet 3.414<\/td><\/tr><tr><td><a href=\"http:\/\/romanistyka.wn.uw.edu.pl\/index.php\/pracownicy\/szymankiewicz-krystyna\/\">Krystyna Szymankiewicz<\/a><\/td><td>27.01. godz. 12:30-13:30 (po wcze\u015bniejszym um\u00f3wieniu)<\/td><td>3410;mo\u017cliwo\u015b\u0107 um\u00f3wienia spotkania w innym terminie online<\/td><\/tr><tr><td><a href=\"http:\/\/romanistyka.wn.uw.edu.pl\/index.php\/pracownicy\/alessia-vignoli\/\">Alessia Vignoli<\/a><\/td><td>30.01 godz. 15:00 &#8211; 16:00(po wcze\u015bniejszym um\u00f3wieniu)<\/td><td>2011<\/td><\/tr><tr><td><a href=\"http:\/\/romanistyka.wn.uw.edu.pl\/index.php\/pracownicy\/wawrzonek-karolina\/\">Karolina Wawrzonek<\/a><\/td><td>wtorki 10:00 &#8211; 13:00<\/td><td>2.415<\/td><\/tr><tr><td>Cezary W\u0119gli\u0144ski<\/td><td>wtorki 13.00 (po um\u00f3wieniu mailowym)<\/td><td>3.419 lub zoom<\/td><\/tr><tr><td><a href=\"http:\/\/romanistyka.wn.uw.edu.pl\/index.php\/pracownicy\/wojakowska-marta\/\">Marta Wojakowska<\/a><\/td><td>urlop&nbsp;<\/td><td><\/td><\/tr><tr><td><a href=\"http:\/\/romanistyka.wn.uw.edu.pl\/index.php\/pracownicy\/zaleska-krystyna\/\">Krystyna Zaleska<\/a><\/td><td>czwartek 30.01. godz.12.00-12.45 oraz online po uprzednim um\u00f3wieniu mailowym<\/td><td>pok. 3.410<\/td><\/tr><tr><td><a href=\"http:\/\/romanistyka.wn.uw.edu.pl\/index.php\/pracownicy\/zatorska-izabella\/\">Izabella Zatorska<\/a><\/td><td>\u015broda 29.01. g.15.00-16.00wtorek 4.02. g. 14.00-15.00<\/td><td>3.414<\/td><\/tr><tr><td><a href=\"http:\/\/romanistyka.wn.uw.edu.pl\/index.php\/pracownicy\/zbierska-moscicka-judyta\/\">Judyta Zbierska-Mo\u015bcicka<\/a><\/td><td>28\/1, 13.30-14.304\/2, 11.00-12.00w obu przypadkach &#8211; po wcze\u015bniejszym um\u00f3wieniu&nbsp;<\/td><td>3.414<\/td><\/tr><\/tbody><\/table><\/figure>\n\n\n\n<p class=\"wp-block-paragraph\">Z pozdrowieniami<\/p>\n\n\n\n<p class=\"wp-block-paragraph\">Sekretariat IR<\/p>\n","protected":false},"excerpt":{"rendered":"<p>PRACOWNIK GODZINY DY\u017bURU MIEJSCE DY\u017bURU (ONLINE \/ STACJONARNIE) Anna Ciostek czwartek 30.01.- godz..12-13 3.410 (po wcze\u015bniejszym um\u00f3wieniu) Agnieszka Dryja\u0144ska Wtorek 4.02 o 12.00-13:00\u015aroda 5.02. o 12:00-13:00 3.410 Wanda Fija\u0142kowska Czw 30.01. 16:30-17:30Wt 4.02. 9:45-10:45 3.419 Magdalena Grycan Pn 27.01, 9.00-10.00Pn 3.02, 9.00-10.00 2.4152.415 Ma\u0142gorzata Izert wt 28.01, godz. 14:00-15:00pt 31.01, godz. 13:00-14:00 3.419 Agnieszka Janion [&hellip;]<\/p>\n","protected":false},"author":14,"featured_media":0,"comment_status":"closed","ping_status":"open","sticky":false,"template":"","format":"standard","meta":{"footnotes":""},"categories":[8],"tags":[],"class_list":["post-3740","post","type-post","status-publish","format-standard","hentry","category-aktualnosci"],"_links":{"self":[{"href":"https:\/\/romanistyka.wn.uw.edu.pl\/index.php\/wp-json\/wp\/v2\/posts\/3740","targetHints":{"allow":["GET"]}}],"collection":[{"href":"https:\/\/romanistyka.wn.uw.edu.pl\/index.php\/wp-json\/wp\/v2\/posts"}],"about":[{"href":"https:\/\/romanistyka.wn.uw.edu.pl\/index.php\/wp-json\/wp\/v2\/types\/post"}],"author":[{"embeddable":true,"href":"https:\/\/romanistyka.wn.uw.edu.pl\/index.php\/wp-json\/wp\/v2\/users\/14"}],"replies":[{"embeddable":true,"href":"https:\/\/romanistyka.wn.uw.edu.pl\/index.php\/wp-json\/wp\/v2\/comments?post=3740"}],"version-history":[{"count":1,"href":"https:\/\/romanistyka.wn.uw.edu.pl\/index.php\/wp-json\/wp\/v2\/posts\/3740\/revisions"}],"predecessor-version":[{"id":3741,"href":"https:\/\/romanistyka.wn.uw.edu.pl\/index.php\/wp-json\/wp\/v2\/posts\/3740\/revisions\/3741"}],"wp:attachment":[{"href":"https:\/\/romanistyka.wn.uw.edu.pl\/index.php\/wp-json\/wp\/v2\/media?parent=3740"}],"wp:term":[{"taxonomy":"category","embeddable":true,"href":"https:\/\/romanistyka.wn.uw.edu.pl\/index.php\/wp-json\/wp\/v2\/categories?post=3740"},{"taxonomy":"post_tag","embeddable":true,"href":"https:\/\/romanistyka.wn.uw.edu.pl\/index.php\/wp-json\/wp\/v2\/tags?post=3740"}],"curies":[{"name":"wp","href":"https:\/\/api.w.org\/{rel}","templated":true}]}}