{"id":3420,"date":"2024-10-07T20:51:58","date_gmt":"2024-10-07T20:51:58","guid":{"rendered":"https:\/\/romanistyka.wn.uw.edu.pl\/?p=3420"},"modified":"2024-10-07T20:51:58","modified_gmt":"2024-10-07T20:51:58","slug":"spotkanie-z-opiekunem-i-roku","status":"publish","type":"post","link":"https:\/\/romanistyka.wn.uw.edu.pl\/index.php\/2024\/10\/07\/spotkanie-z-opiekunem-i-roku\/","title":{"rendered":"Spotkanie z opiekunem I roku"},"content":{"rendered":"<p>Szanowni Pa\u0144stwo,<br \/>\nSpotkanie os\u00f3b studiuj\u0105cych na pierwszym roku (studia licencjackie) z opiekunem roku odb\u0119dzie si\u0119 w dniu 9 pa\u017adziernika, o godz. 18.00, na platformie zoom.us.<\/p>\n<p>Link do spotkania:<\/p>\n<p><a href=\"https:\/\/uw-edu-pl.zoom.us\/j\/96521087272?pwd=bHwpzTBgG5KDR65HgpMidnwLeZMGun.1\">https:\/\/uw-edu-pl.zoom.us\/j\/96521087272?pwd=bHwpzTBgG5KDR65HgpMidnwLeZMGun.1<\/a><\/p>\n<p>Przypominam, \u017ce obecno\u015b\u0107 jest obowi\u0105zkowa!<br \/>\nPozdrawiam serdecznie,<br \/>\nAgnieszka Janion<\/p>\n","protected":false},"excerpt":{"rendered":"<p>Szanowni Pa\u0144stwo, Spotkanie os\u00f3b studiuj\u0105cych na pierwszym roku (studia licencjackie) z opiekunem roku odb\u0119dzie si\u0119 w dniu 9 pa\u017adziernika, o godz. 18.00, na platformie zoom.us. Link do spotkania: https:\/\/uw-edu-pl.zoom.us\/j\/96521087272?pwd=bHwpzTBgG5KDR65HgpMidnwLeZMGun.1 Przypominam, \u017ce obecno\u015b\u0107 jest obowi\u0105zkowa! Pozdrawiam serdecznie, Agnieszka Janion<\/p>\n","protected":false},"author":6,"featured_media":0,"comment_status":"closed","ping_status":"open","sticky":false,"template":"","format":"standard","meta":{"footnotes":""},"categories":[7],"tags":[],"class_list":["post-3420","post","type-post","status-publish","format-standard","hentry","category-ogloszenia-dla-studentow"],"_links":{"self":[{"href":"https:\/\/romanistyka.wn.uw.edu.pl\/index.php\/wp-json\/wp\/v2\/posts\/3420","targetHints":{"allow":["GET"]}}],"collection":[{"href":"https:\/\/romanistyka.wn.uw.edu.pl\/index.php\/wp-json\/wp\/v2\/posts"}],"about":[{"href":"https:\/\/romanistyka.wn.uw.edu.pl\/index.php\/wp-json\/wp\/v2\/types\/post"}],"author":[{"embeddable":true,"href":"https:\/\/romanistyka.wn.uw.edu.pl\/index.php\/wp-json\/wp\/v2\/users\/6"}],"replies":[{"embeddable":true,"href":"https:\/\/romanistyka.wn.uw.edu.pl\/index.php\/wp-json\/wp\/v2\/comments?post=3420"}],"version-history":[{"count":1,"href":"https:\/\/romanistyka.wn.uw.edu.pl\/index.php\/wp-json\/wp\/v2\/posts\/3420\/revisions"}],"predecessor-version":[{"id":3421,"href":"https:\/\/romanistyka.wn.uw.edu.pl\/index.php\/wp-json\/wp\/v2\/posts\/3420\/revisions\/3421"}],"wp:attachment":[{"href":"https:\/\/romanistyka.wn.uw.edu.pl\/index.php\/wp-json\/wp\/v2\/media?parent=3420"}],"wp:term":[{"taxonomy":"category","embeddable":true,"href":"https:\/\/romanistyka.wn.uw.edu.pl\/index.php\/wp-json\/wp\/v2\/categories?post=3420"},{"taxonomy":"post_tag","embeddable":true,"href":"https:\/\/romanistyka.wn.uw.edu.pl\/index.php\/wp-json\/wp\/v2\/tags?post=3420"}],"curies":[{"name":"wp","href":"https:\/\/api.w.org\/{rel}","templated":true}]}}