{"id":3314,"date":"2024-09-11T10:57:18","date_gmt":"2024-09-11T10:57:18","guid":{"rendered":"https:\/\/romanistyka.wn.uw.edu.pl\/?p=3314"},"modified":"2024-09-11T10:57:18","modified_gmt":"2024-09-11T10:57:18","slug":"inauguracja-roku-akademickiego-dzien-adaptacyiny","status":"publish","type":"post","link":"https:\/\/romanistyka.wn.uw.edu.pl\/index.php\/2024\/09\/11\/inauguracja-roku-akademickiego-dzien-adaptacyiny\/","title":{"rendered":"Inauguracja Roku Akademickiego&#038; Dzien Adaptacyiny"},"content":{"rendered":"\n<p class=\"wp-block-paragraph\">Szanowni Pa\u0144stwo,<\/p>\n\n\n\n<p class=\"wp-block-paragraph\">Wydzia\u0142owa inauguracja roku akademickiego\u00a02024\/2025 odb\u0119dzie si\u0119\u00a0<strong>1 pa\u017adziernika o godz. 10:00\u00a0<\/strong>na \u017c\u00f3\u0142tych schodach. Szczeg\u00f3\u0142owy\u00a0program wydarze\u0144 tego dnia znajduje si\u0119 na stronie WNF:\u00a0<a href=\"https:\/\/neofilologia.uw.edu.pl\/9679-2\/inauguracja-roku-akademickiego-dzien-adaptacyjny\/\" target=\"_blank\" rel=\"noreferrer noopener\">https:\/\/neofilologia.uw.edu.pl\/9679-2\/inauguracja-roku-akademickiego-dzien-adaptacyjny\/<\/a>\u00a0<\/p>\n\n\n\n<p class=\"wp-block-paragraph\">Podczas spotkania w\u0142adz dzieka\u0144skich z nowo przyj\u0119tymi osobami studenckimi swoj\u0105 dzia\u0142alno\u015b\u0107 przedstawi\u0105 tak\u017ce CPP oraz Inkubator UW.<\/p>\n\n\n\n<p class=\"wp-block-paragraph\">Harmonogram Dnia Adaptacyjnego<\/p>\n\n\n\n<p class=\"wp-block-paragraph\">10:00 \u2013 11:30 \u2003 UROCZYSTA INAUGURACJA ROKU AKADEMICKIEGO<\/p>\n\n\n\n<p class=\"wp-block-paragraph\">(tzw. \u017c\u00f3\u0142te schody, wej\u015bcie od ul. Browarnej)<\/p>\n\n\n\n<p class=\"wp-block-paragraph\">11:30 \u2013 12:15 \u2003 PRZERWA KAWOWA<\/p>\n\n\n\n<p class=\"wp-block-paragraph\">12:15 \u2013 13:00 \u2003 SPOTKANIE M.IN. Z ZESPO\u0141EM DZIEKA\u0143SKIM I RZECZNICZK\u0104 DS. R\u00d3WNO\u015aCI<\/p>\n\n\n\n<p class=\"wp-block-paragraph\">(aula 0.410, parter, wej\u015bcie od ul. Browarnej)<\/p>\n\n\n\n<p class=\"wp-block-paragraph\">13:00 \u2013 13:30 \u2003 PRZERWA KAWOWA<\/p>\n\n\n\n<p class=\"wp-block-paragraph\">13:30 \u2013 15:00 \u2003 WARSZTATY (grupa pierwsza)<\/p>\n\n\n\n<p class=\"wp-block-paragraph\">15:15 \u2013 16:45 \u2003 WARSZTATY (grupa druga)<\/p>\n\n\n\n<p class=\"wp-block-paragraph\">robienie notatek | zarz\u0105dzanie czasem | zarz\u0105dzanie stresem<\/p>\n\n\n\n<p class=\"wp-block-paragraph\">sala 1.128, 1.132 (pierwsze pi\u0119tro) i Strefa Wsp\u00f3\u0142PRACY (parter, wej\u015bcie od ul. Browarnej)<\/p>\n\n\n\n<p class=\"wp-block-paragraph\"><strong>Szczeg\u00f3\u0142owe informacje dotycz\u0105ce warsztat\u00f3w oraz zapisy znajdziesz\u00a0<a href=\"https:\/\/docs.google.com\/forms\/d\/e\/1FAIpQLSdz1pjjWcETr_HonXn4DlQ_FbYamI0FgzBU_jdCNY4hHa7-CQ\/viewform\">tutaj!<\/a><\/strong><\/p>\n\n\n\n<p class=\"wp-block-paragraph\">Serdecznie<\/p>\n\n\n\n<p class=\"wp-block-paragraph\">Ma\u0142gorzata Molska <\/p>\n","protected":false},"excerpt":{"rendered":"<p>Szanowni Pa\u0144stwo, Wydzia\u0142owa inauguracja roku akademickiego\u00a02024\/2025 odb\u0119dzie si\u0119\u00a01 pa\u017adziernika o godz. 10:00\u00a0na \u017c\u00f3\u0142tych schodach. Szczeg\u00f3\u0142owy\u00a0program wydarze\u0144 tego dnia znajduje si\u0119 na stronie WNF:\u00a0https:\/\/neofilologia.uw.edu.pl\/9679-2\/inauguracja-roku-akademickiego-dzien-adaptacyjny\/\u00a0 Podczas spotkania w\u0142adz dzieka\u0144skich z nowo przyj\u0119tymi osobami studenckimi swoj\u0105 dzia\u0142alno\u015b\u0107 przedstawi\u0105 tak\u017ce CPP oraz Inkubator UW. Harmonogram Dnia Adaptacyjnego 10:00 \u2013 11:30 \u2003 UROCZYSTA INAUGURACJA ROKU AKADEMICKIEGO (tzw. \u017c\u00f3\u0142te schody, wej\u015bcie [&hellip;]<\/p>\n","protected":false},"author":4,"featured_media":0,"comment_status":"closed","ping_status":"open","sticky":false,"template":"","format":"standard","meta":{"footnotes":""},"categories":[7,37],"tags":[],"class_list":["post-3314","post","type-post","status-publish","format-standard","hentry","category-ogloszenia-dla-studentow","category-ogloszenia-dla-studentow-fr"],"_links":{"self":[{"href":"https:\/\/romanistyka.wn.uw.edu.pl\/index.php\/wp-json\/wp\/v2\/posts\/3314","targetHints":{"allow":["GET"]}}],"collection":[{"href":"https:\/\/romanistyka.wn.uw.edu.pl\/index.php\/wp-json\/wp\/v2\/posts"}],"about":[{"href":"https:\/\/romanistyka.wn.uw.edu.pl\/index.php\/wp-json\/wp\/v2\/types\/post"}],"author":[{"embeddable":true,"href":"https:\/\/romanistyka.wn.uw.edu.pl\/index.php\/wp-json\/wp\/v2\/users\/4"}],"replies":[{"embeddable":true,"href":"https:\/\/romanistyka.wn.uw.edu.pl\/index.php\/wp-json\/wp\/v2\/comments?post=3314"}],"version-history":[{"count":1,"href":"https:\/\/romanistyka.wn.uw.edu.pl\/index.php\/wp-json\/wp\/v2\/posts\/3314\/revisions"}],"predecessor-version":[{"id":3315,"href":"https:\/\/romanistyka.wn.uw.edu.pl\/index.php\/wp-json\/wp\/v2\/posts\/3314\/revisions\/3315"}],"wp:attachment":[{"href":"https:\/\/romanistyka.wn.uw.edu.pl\/index.php\/wp-json\/wp\/v2\/media?parent=3314"}],"wp:term":[{"taxonomy":"category","embeddable":true,"href":"https:\/\/romanistyka.wn.uw.edu.pl\/index.php\/wp-json\/wp\/v2\/categories?post=3314"},{"taxonomy":"post_tag","embeddable":true,"href":"https:\/\/romanistyka.wn.uw.edu.pl\/index.php\/wp-json\/wp\/v2\/tags?post=3314"}],"curies":[{"name":"wp","href":"https:\/\/api.w.org\/{rel}","templated":true}]}}