{"id":3294,"date":"2024-09-05T09:52:01","date_gmt":"2024-09-05T09:52:01","guid":{"rendered":"https:\/\/romanistyka.wn.uw.edu.pl\/?p=3294"},"modified":"2024-09-05T09:54:32","modified_gmt":"2024-09-05T09:54:32","slug":"zmiana-terminow-dyzurow-dr-hab-wandy-fijalkowskiej","status":"publish","type":"post","link":"https:\/\/romanistyka.wn.uw.edu.pl\/index.php\/2024\/09\/05\/zmiana-terminow-dyzurow-dr-hab-wandy-fijalkowskiej\/","title":{"rendered":"Zmiana termin\u00f3w dy\u017cur\u00f3w dr hab. Wandy Fija\u0142kowskiej"},"content":{"rendered":"","protected":false},"excerpt":{"rendered":"","protected":false},"author":6,"featured_media":0,"comment_status":"closed","ping_status":"open","sticky":false,"template":"","format":"standard","meta":{"footnotes":""},"categories":[7,37],"tags":[40],"class_list":["post-3294","post","type-post","status-publish","format-standard","hentry","category-ogloszenia-dla-studentow","category-ogloszenia-dla-studentow-fr","tag-dyzury-wandy-fijalkowskiejn-w-sesji-odbeda-sie-w-piatki-6-09-w-godz-110-1200-i-w-piatek-13-09-w-godz-1030-1130-w-gab-3-419-oraz-po-umowieniu-na-platformie-zoom"],"_links":{"self":[{"href":"https:\/\/romanistyka.wn.uw.edu.pl\/index.php\/wp-json\/wp\/v2\/posts\/3294","targetHints":{"allow":["GET"]}}],"collection":[{"href":"https:\/\/romanistyka.wn.uw.edu.pl\/index.php\/wp-json\/wp\/v2\/posts"}],"about":[{"href":"https:\/\/romanistyka.wn.uw.edu.pl\/index.php\/wp-json\/wp\/v2\/types\/post"}],"author":[{"embeddable":true,"href":"https:\/\/romanistyka.wn.uw.edu.pl\/index.php\/wp-json\/wp\/v2\/users\/6"}],"replies":[{"embeddable":true,"href":"https:\/\/romanistyka.wn.uw.edu.pl\/index.php\/wp-json\/wp\/v2\/comments?post=3294"}],"version-history":[{"count":1,"href":"https:\/\/romanistyka.wn.uw.edu.pl\/index.php\/wp-json\/wp\/v2\/posts\/3294\/revisions"}],"predecessor-version":[{"id":3296,"href":"https:\/\/romanistyka.wn.uw.edu.pl\/index.php\/wp-json\/wp\/v2\/posts\/3294\/revisions\/3296"}],"wp:attachment":[{"href":"https:\/\/romanistyka.wn.uw.edu.pl\/index.php\/wp-json\/wp\/v2\/media?parent=3294"}],"wp:term":[{"taxonomy":"category","embeddable":true,"href":"https:\/\/romanistyka.wn.uw.edu.pl\/index.php\/wp-json\/wp\/v2\/categories?post=3294"},{"taxonomy":"post_tag","embeddable":true,"href":"https:\/\/romanistyka.wn.uw.edu.pl\/index.php\/wp-json\/wp\/v2\/tags?post=3294"}],"curies":[{"name":"wp","href":"https:\/\/api.w.org\/{rel}","templated":true}]}}