{"id":3238,"date":"2024-07-05T07:12:28","date_gmt":"2024-07-05T07:12:28","guid":{"rendered":"https:\/\/romanistyka.wn.uw.edu.pl\/?p=3238"},"modified":"2024-07-05T07:12:28","modified_gmt":"2024-07-05T07:12:28","slug":"zajecia-pnjf-zmiany-w-planie-i-nowe-rejestracje","status":"publish","type":"post","link":"https:\/\/romanistyka.wn.uw.edu.pl\/index.php\/2024\/07\/05\/zajecia-pnjf-zmiany-w-planie-i-nowe-rejestracje\/","title":{"rendered":"zaj\u0119cia PNJF &#8211; zmiany w planie i nowe rejestracje"},"content":{"rendered":"\n<div style=\"height:100px\" aria-hidden=\"true\" class=\"wp-block-spacer\"><\/div>\n\n\n\n<pre class=\"wp-block-preformatted\">Szanowni Pa\u0144stwo,<br>W zwi\u0105zku z inn\u0105 ni\u017c zaplanowana liczebno\u015bci\u0105 grup zaj\u0119ciowych, zmuszeni byli\u015bmy dokona\u0107 zmian w planie zaj\u0119\u0107\u00a0na semestr zimowy 2024\/2025, a tym samym rozpisa\u0107\u00a0nowe rejestracje w USOS. <strong>Nowe rejestracje na zaj\u0119cia rozpoczn\u0105 si\u0119 w czwartek 11.07.2024 r. o godz. 21.00<\/strong>. Oto zaj\u0119cia, kt\u00f3rych one dotycz\u0105: <br><br>PNJF II p - kompetencje zintegrowane<br>PNJF III p - wybrane aspekty j\u0119zyka og\u00f3lnego <br>PNJF IIIp\/z - aktualno\u015bci francuskie i frankofo\u0144skie <br>PNJF III p\/z - wybrane aspekty j\u0119zyka specjalistycznego <br><br>Zmiany zosta\u0142y wprowadzone do planu zaj\u0119\u0107, kt\u00f3ry jest ju\u017c dost\u0119pny na stronie Instytutu. <br><br><br>W przypadku PNJF IIz - wypowied\u017a pisemna i ustna zmuszony by\u0142em zamkn\u0105\u0107 jedn\u0105 z  grup. W zwi\u0105zku z czym pozostaje tylko jedna grupa prowadzona przez dr Wies\u0142awa Krokera w nastepuj\u0105cych dniach: <br><br>wtorek: 13.15 - 14.45 <br>czwartek: 15.00 - 16.30<br><br>W tym przypadku studenci zostan\u0105 przepisani r\u0119cznie, czyli nie wymagane s\u0105 ponowne zapisy.<br><br>Te zmiany s\u0105 nieuniknione, aby zapewni\u0107\u00a0Pa\u0144stwu w\u0142a\u015bciwy  komfort pracy.<br><br>\u0141\u0105cz\u0119 serdeczne pozdrowienia,<br><br>dr hab. prof. ucz. Rados\u0142aw Kucharczyk <br>Kierownik Zak\u0142adu Dydaktyki J\u0119zyk\u00f3w Roma\u0144skich  <\/pre>\n","protected":false},"excerpt":{"rendered":"<p>Szanowni Pa\u0144stwo,W zwi\u0105zku z inn\u0105 ni\u017c zaplanowana liczebno\u015bci\u0105 grup zaj\u0119ciowych, zmuszeni byli\u015bmy dokona\u0107 zmian w planie zaj\u0119\u0107\u00a0na semestr zimowy 2024\/2025, a tym samym rozpisa\u0107\u00a0nowe rejestracje w USOS. Nowe rejestracje na zaj\u0119cia rozpoczn\u0105 si\u0119 w czwartek 11.07.2024 r. o godz. 21.00. Oto zaj\u0119cia, kt\u00f3rych one dotycz\u0105: PNJF II p &#8211; kompetencje zintegrowanePNJF III p &#8211; wybrane [&hellip;]<\/p>\n","protected":false},"author":6,"featured_media":0,"comment_status":"closed","ping_status":"open","sticky":false,"template":"","format":"standard","meta":{"footnotes":""},"categories":[7],"tags":[],"class_list":["post-3238","post","type-post","status-publish","format-standard","hentry","category-ogloszenia-dla-studentow"],"_links":{"self":[{"href":"https:\/\/romanistyka.wn.uw.edu.pl\/index.php\/wp-json\/wp\/v2\/posts\/3238","targetHints":{"allow":["GET"]}}],"collection":[{"href":"https:\/\/romanistyka.wn.uw.edu.pl\/index.php\/wp-json\/wp\/v2\/posts"}],"about":[{"href":"https:\/\/romanistyka.wn.uw.edu.pl\/index.php\/wp-json\/wp\/v2\/types\/post"}],"author":[{"embeddable":true,"href":"https:\/\/romanistyka.wn.uw.edu.pl\/index.php\/wp-json\/wp\/v2\/users\/6"}],"replies":[{"embeddable":true,"href":"https:\/\/romanistyka.wn.uw.edu.pl\/index.php\/wp-json\/wp\/v2\/comments?post=3238"}],"version-history":[{"count":2,"href":"https:\/\/romanistyka.wn.uw.edu.pl\/index.php\/wp-json\/wp\/v2\/posts\/3238\/revisions"}],"predecessor-version":[{"id":3240,"href":"https:\/\/romanistyka.wn.uw.edu.pl\/index.php\/wp-json\/wp\/v2\/posts\/3238\/revisions\/3240"}],"wp:attachment":[{"href":"https:\/\/romanistyka.wn.uw.edu.pl\/index.php\/wp-json\/wp\/v2\/media?parent=3238"}],"wp:term":[{"taxonomy":"category","embeddable":true,"href":"https:\/\/romanistyka.wn.uw.edu.pl\/index.php\/wp-json\/wp\/v2\/categories?post=3238"},{"taxonomy":"post_tag","embeddable":true,"href":"https:\/\/romanistyka.wn.uw.edu.pl\/index.php\/wp-json\/wp\/v2\/tags?post=3238"}],"curies":[{"name":"wp","href":"https:\/\/api.w.org\/{rel}","templated":true}]}}