{"id":3223,"date":"2024-06-26T03:26:08","date_gmt":"2024-06-26T03:26:08","guid":{"rendered":"https:\/\/romanistyka.wn.uw.edu.pl\/?p=3223"},"modified":"2024-06-26T03:26:12","modified_gmt":"2024-06-26T03:26:12","slug":"gramatyka-opisowa-egzamin-27-06-godz-10-00","status":"publish","type":"post","link":"https:\/\/romanistyka.wn.uw.edu.pl\/index.php\/2024\/06\/26\/gramatyka-opisowa-egzamin-27-06-godz-10-00\/","title":{"rendered":"Gramatyka opisowa &#8211; egzamin 27.06. godz. 10.00"},"content":{"rendered":"<p>Szanowni Pa\u0144stwo,<\/p>\n<p>Egzamin z Gramatyki opisowej j\u0119zyka francuskiego odb\u0119dzie si\u0119 w sali <strong>3.014<\/strong>.<\/p>\n<p>Pozdrawiamy serdecznie,<\/p>\n<p>Anna Kieliszczyk i Alicja Jaworska-Kaska<\/p>\n","protected":false},"excerpt":{"rendered":"<p>Szanowni Pa\u0144stwo, Egzamin z Gramatyki opisowej j\u0119zyka francuskiego odb\u0119dzie si\u0119 w sali 3.014. Pozdrawiamy serdecznie, Anna Kieliszczyk i Alicja Jaworska-Kaska<\/p>\n","protected":false},"author":6,"featured_media":0,"comment_status":"open","ping_status":"open","sticky":false,"template":"","format":"standard","meta":{"footnotes":""},"categories":[7],"tags":[],"class_list":["post-3223","post","type-post","status-publish","format-standard","hentry","category-ogloszenia-dla-studentow"],"_links":{"self":[{"href":"https:\/\/romanistyka.wn.uw.edu.pl\/index.php\/wp-json\/wp\/v2\/posts\/3223","targetHints":{"allow":["GET"]}}],"collection":[{"href":"https:\/\/romanistyka.wn.uw.edu.pl\/index.php\/wp-json\/wp\/v2\/posts"}],"about":[{"href":"https:\/\/romanistyka.wn.uw.edu.pl\/index.php\/wp-json\/wp\/v2\/types\/post"}],"author":[{"embeddable":true,"href":"https:\/\/romanistyka.wn.uw.edu.pl\/index.php\/wp-json\/wp\/v2\/users\/6"}],"replies":[{"embeddable":true,"href":"https:\/\/romanistyka.wn.uw.edu.pl\/index.php\/wp-json\/wp\/v2\/comments?post=3223"}],"version-history":[{"count":1,"href":"https:\/\/romanistyka.wn.uw.edu.pl\/index.php\/wp-json\/wp\/v2\/posts\/3223\/revisions"}],"predecessor-version":[{"id":3224,"href":"https:\/\/romanistyka.wn.uw.edu.pl\/index.php\/wp-json\/wp\/v2\/posts\/3223\/revisions\/3224"}],"wp:attachment":[{"href":"https:\/\/romanistyka.wn.uw.edu.pl\/index.php\/wp-json\/wp\/v2\/media?parent=3223"}],"wp:term":[{"taxonomy":"category","embeddable":true,"href":"https:\/\/romanistyka.wn.uw.edu.pl\/index.php\/wp-json\/wp\/v2\/categories?post=3223"},{"taxonomy":"post_tag","embeddable":true,"href":"https:\/\/romanistyka.wn.uw.edu.pl\/index.php\/wp-json\/wp\/v2\/tags?post=3223"}],"curies":[{"name":"wp","href":"https:\/\/api.w.org\/{rel}","templated":true}]}}